{"id":2079,"date":"2025-02-10T22:55:47","date_gmt":"2025-02-10T21:55:47","guid":{"rendered":"https:\/\/www.autoescolasantfeliu.com\/?p=2079"},"modified":"2025-02-10T22:59:53","modified_gmt":"2025-02-10T21:59:53","slug":"seguretat-viaria-el-que-ens-depara-aquest-any","status":"publish","type":"post","link":"https:\/\/www.autoescolasantfeliu.com\/es\/seguretat-viaria-el-que-ens-depara-aquest-any\/","title":{"rendered":"Seguridad vial: \u00a1lo que nos depara este a\u00f1o!"},"content":{"rendered":"<p><\/p>\n<p style=\"text-align: justify;\">2025 promete ser un a\u00f1o transformador en el \u00e1mbito de la\u00a0<strong>seguridad vial<\/strong>. Con los avances tecnol\u00f3gicos, cambios normativos y un enfoque renovado en la sostenibilidad, la movilidad se dirige hacia un futuro m\u00e1s seguro, eficiente y respetuoso con el medio ambiente. A continuaci\u00f3n, te presentamos las principales tendencias que marcar\u00e1n la\u00a0<strong>seguridad vial<\/strong>\u00a0este nuevo a\u00f1o:<\/p>\n<h3>1. Veh\u00edculos aut\u00f3nomos y conectados<\/h3>\n<p style=\"text-align: justify;\">El desarrollo de veh\u00edculos aut\u00f3nomos seguir\u00e1 avanzando en 2025, con pruebas m\u00e1s extensas y el inicio de su integraci\u00f3n en ciertas ciudades. Estos coches, equipados con sensores avanzados y sistemas de inteligencia artificial, prometen reducir los accidentes causados por errores humanos, que actualmente representan el 90% de los siniestros.<\/p>\n<p style=\"text-align: justify;\">Adem\u00e1s, la tecnolog\u00eda V2X (veh\u00edculo a todo) se consolidar\u00e1 como un elemento clave en la\u00a0<strong>seguridad vial<\/strong>. Este sistema permite la comunicaci\u00f3n entre veh\u00edculos, infraestructuras y peatones, facilitando una gesti\u00f3n m\u00e1s eficiente del tr\u00e1fico y evitando colisiones.<\/p>\n<h3>2. Mayor uso de sistemas avanzados de asistencia al conductor (ADAS)<\/h3>\n<p style=\"text-align: justify;\">Los ADAS seguir\u00e1n ganando protagonismo. Tecnolog\u00edas como el frenado autom\u00e1tico de emergencia, el control de crucero adaptativo y los sistemas de detecci\u00f3n de peatones se est\u00e1n convirtiendo en est\u00e1ndares en los nuevos veh\u00edculos en t\u00e9rminos de seguridad vial. La Uni\u00f3n Europea tambi\u00e9n est\u00e1 promoviendo su obligatoriedad en todos los coches nuevos fabricados a partir de este a\u00f1o.<\/p>\n<h3>3. Nuevas normativas para la movilidad sostenible<\/h3>\n<p style=\"text-align: justify;\">Con el creciente n\u00famero de bicicletas, patinetes el\u00e9ctricos y otros Veh\u00edculos de Movilidad Personal (VMP) en las calles, la regulaci\u00f3n de su uso seguir\u00e1 siendo una prioridad. Las ciudades trabajar\u00e1n en dise\u00f1ar infraestructuras m\u00e1s seguras, como carriles exclusivos y zonas de aparcamiento, mientras que las autoridades introducir\u00e1n normas m\u00e1s claras para garantizar una convivencia segura con otros usuarios de la v\u00eda.<\/p>\n<h3>4. Sistemas de monitorizaci\u00f3n del estado del conductor<\/h3>\n<p style=\"text-align: justify;\">La\u00a0<strong>seguridad vial<\/strong>\u00a0tambi\u00e9n dar\u00e1 un paso adelante con la implementaci\u00f3n de sistemas que monitorizan el estado del conductor. Estas herramientas detectan signos de fatiga, distracciones o incluso intoxicaci\u00f3n, emitiendo alertas o activando medidas de emergencia para evitar accidentes.<\/p>\n<h3>5. Enfoque en la educaci\u00f3n vial digital<\/h3>\n<p>La educaci\u00f3n vial se moderniza con la incorporaci\u00f3n de plataformas digitales y simuladores de conducci\u00f3n que permiten a los usuarios aprender y practicar en entornos virtuales. Este enfoque interactivo promete mejorar la comprensi\u00f3n de las normas y fomentar comportamientos m\u00e1s responsables en las carreteras.<\/p>\n<h3>6. Carreteras inteligentes y sostenibles<\/h3>\n<p style=\"text-align: justify;\">En 2025, veremos m\u00e1s proyectos de carreteras inteligentes que incluyen tecnolog\u00edas como paneles solares integrados, sensores para monitorizar el tr\u00e1fico y sistemas de iluminaci\u00f3n adaptativa. Estas infraestructuras no solo mejorar\u00e1n la seguridad, sino que tambi\u00e9n contribuir\u00e1n a la lucha contra el cambio clim\u00e1tico.<\/p>\n<p style=\"text-align: justify;\">2025 ser\u00e1 un a\u00f1o clave para avanzar hacia un modelo de movilidad m\u00e1s seguro, sostenible y conectado. La tecnolog\u00eda, la educaci\u00f3n y las normativas ser\u00e1n las herramientas principales para reducir los accidentes de tr\u00e1fico y salvar vidas.<\/p>\n<p style=\"text-align: justify;\"><strong>\u00a12025 ser\u00e1 tu a\u00f1o!<\/strong> Desde <strong>Autoescola Sant Feliu<\/strong>, un a\u00f1o m\u00e1s, comprometidos con formar conductores responsables y preparados para enfrentar estos cambios. \u00a1Te esperamos!<\/p>\n<p><img decoding=\"async\" class=\"aligncenter wp-image-2081 size-full\" title=\"Autoescola Sant Feliu - Blog - Seguridad vial: \u00a1lo que nos depara este a\u00f1o!\" src=\"https:\/\/www.autoescolasantfeliu.com\/wp-content\/uploads\/2025\/02\/Autoescola-Sant-Feliu-Blog-Seguretat-viaria-El-que-ens-depara-aquest-any.jpg\" alt=\"Autoescola Sant Feliu - Blog - Seguridad vial: \u00a1lo que nos depara este a\u00f1o!\" width=\"900\" height=\"600\" srcset=\"https:\/\/www.autoescolasantfeliu.com\/wp-content\/uploads\/2025\/02\/Autoescola-Sant-Feliu-Blog-Seguretat-viaria-El-que-ens-depara-aquest-any.jpg 900w, https:\/\/www.autoescolasantfeliu.com\/wp-content\/uploads\/2025\/02\/Autoescola-Sant-Feliu-Blog-Seguretat-viaria-El-que-ens-depara-aquest-any-300x200.jpg 300w, https:\/\/www.autoescolasantfeliu.com\/wp-content\/uploads\/2025\/02\/Autoescola-Sant-Feliu-Blog-Seguretat-viaria-El-que-ens-depara-aquest-any-768x512.jpg 768w\" sizes=\"(max-width: 900px) 100vw, 900px\" \/><\/p>","protected":false},"excerpt":{"rendered":"<p style=\"text-align: justify;\">2025 promete ser un a\u00f1o transformador en el \u00e1mbito de la\u00a0<strong>seguridad vial<\/strong>. Con los avances tecnol\u00f3gicos, cambios normativos y un enfoque renovado en la sostenibilidad, la movilidad se dirige hacia un futuro m\u00e1s seguro, eficiente y respetuoso con el medio ambiente.<\/p>\n<p style=\"text-align: justify;\">Te presentamos las principales tendencias que marcar\u00e1n la\u00a0<strong>seguridad vial<\/strong>\u00a0este nuevo a\u00f1o.<\/p>\n","protected":false},"author":1,"featured_media":2081,"comment_status":"closed","ping_status":"closed","sticky":false,"template":"","format":"standard","meta":{"footnotes":""},"categories":[1],"tags":[],"class_list":["post-2079","post","type-post","status-publish","format-standard","has-post-thumbnail","hentry","category-news"],"yoast_head":"<!-- This site is optimized with the Yoast SEO plugin v27.5 - https:\/\/yoast.com\/product\/yoast-seo-wordpress\/ -->\n<title>Seguridad vial: \u00a1lo que nos depara este a\u00f1o! - Autoescola Sant Feliu<\/title>\n<meta name=\"description\" content=\"2025 promet ser un any transformador en l&#039;\u00e0mbit de la seguretat vi\u00e0ria. La mobilitat es dirigeix cap a un futur m\u00e9s segur i respectu\u00f3s amb el medi ambient.\" \/>\n<meta name=\"robots\" content=\"index, follow, max-snippet:-1, max-image-preview:large, max-video-preview:-1\" \/>\n<link rel=\"canonical\" href=\"https:\/\/www.autoescolasantfeliu.com\/seguretat-viaria-el-que-ens-depara-aquest-any\/\" \/>\n<meta property=\"og:locale\" content=\"es_ES\" \/>\n<meta property=\"og:type\" content=\"article\" \/>\n<meta property=\"og:title\" content=\"[:ca]Seguretat vi\u00e0ria: el que ens depara aquest any![:es]Seguridad vial: \u00a1lo que nos depara este a\u00f1o![:] - Autoescola Sant Feliu\" \/>\n<meta property=\"og:description\" content=\"2025 promet ser un any transformador en l&#039;\u00e0mbit de la seguretat vi\u00e0ria. La mobilitat es dirigeix cap a un futur m\u00e9s segur i respectu\u00f3s amb el medi ambient.\" \/>\n<meta property=\"og:url\" content=\"https:\/\/www.autoescolasantfeliu.com\/seguretat-viaria-el-que-ens-depara-aquest-any\/\" \/>\n<meta property=\"og:site_name\" content=\"Autoescola Sant Feliu\" \/>\n<meta property=\"article:publisher\" content=\"https:\/\/www.facebook.com\/autoescolastfeliu\/?ref=br_rs\" \/>\n<meta property=\"article:published_time\" content=\"2025-02-10T21:55:47+00:00\" \/>\n<meta property=\"article:modified_time\" content=\"2025-02-10T21:59:53+00:00\" \/>\n<meta property=\"og:image\" content=\"https:\/\/www.autoescolasantfeliu.com\/wp-content\/uploads\/2025\/02\/Autoescola-Sant-Feliu-Blog-Seguretat-viaria-El-que-ens-depara-aquest-any.jpg\" \/>\n\t<meta property=\"og:image:width\" content=\"900\" \/>\n\t<meta property=\"og:image:height\" content=\"600\" \/>\n\t<meta property=\"og:image:type\" content=\"image\/jpeg\" \/>\n<meta name=\"author\" content=\"Autoescola Sant Feliu\" \/>\n<meta name=\"twitter:card\" content=\"summary_large_image\" \/>\n<meta name=\"twitter:label1\" content=\"Escrito por\" \/>\n\t<meta name=\"twitter:data1\" content=\"Autoescola Sant Feliu\" \/>\n\t<meta name=\"twitter:label2\" content=\"Tiempo de lectura\" \/>\n\t<meta name=\"twitter:data2\" content=\"3 minutos\" \/>\n<script type=\"application\/ld+json\" class=\"yoast-schema-graph\">{\"@context\":\"https:\\\/\\\/schema.org\",\"@graph\":[{\"@type\":\"Article\",\"@id\":\"https:\\\/\\\/www.autoescolasantfeliu.com\\\/seguretat-viaria-el-que-ens-depara-aquest-any\\\/#article\",\"isPartOf\":{\"@id\":\"https:\\\/\\\/www.autoescolasantfeliu.com\\\/seguretat-viaria-el-que-ens-depara-aquest-any\\\/\"},\"author\":{\"name\":\"Autoescola Sant Feliu\",\"@id\":\"https:\\\/\\\/www.autoescolasantfeliu.com\\\/#\\\/schema\\\/person\\\/e215cfaecdd132a6fe01e728f517c13b\"},\"headline\":\"Seguridad vial: \u00a1lo que nos depara este a\u00f1o!\",\"datePublished\":\"2025-02-10T21:55:47+00:00\",\"dateModified\":\"2025-02-10T21:59:53+00:00\",\"mainEntityOfPage\":{\"@id\":\"https:\\\/\\\/www.autoescolasantfeliu.com\\\/seguretat-viaria-el-que-ens-depara-aquest-any\\\/\"},\"wordCount\":1110,\"publisher\":{\"@id\":\"https:\\\/\\\/www.autoescolasantfeliu.com\\\/#organization\"},\"image\":{\"@id\":\"https:\\\/\\\/www.autoescolasantfeliu.com\\\/seguretat-viaria-el-que-ens-depara-aquest-any\\\/#primaryimage\"},\"thumbnailUrl\":\"https:\\\/\\\/www.autoescolasantfeliu.com\\\/wp-content\\\/uploads\\\/2025\\\/02\\\/Autoescola-Sant-Feliu-Blog-Seguretat-viaria-El-que-ens-depara-aquest-any.jpg\",\"articleSection\":[\"Noticias\"],\"inLanguage\":\"es\"},{\"@type\":\"WebPage\",\"@id\":\"https:\\\/\\\/www.autoescolasantfeliu.com\\\/seguretat-viaria-el-que-ens-depara-aquest-any\\\/\",\"url\":\"https:\\\/\\\/www.autoescolasantfeliu.com\\\/seguretat-viaria-el-que-ens-depara-aquest-any\\\/\",\"name\":\"[:ca]Seguretat vi\u00e0ria: el que ens depara aquest any![:es]Seguridad vial: \u00a1lo que nos depara este a\u00f1o![:] - Autoescola Sant Feliu\",\"isPartOf\":{\"@id\":\"https:\\\/\\\/www.autoescolasantfeliu.com\\\/#website\"},\"primaryImageOfPage\":{\"@id\":\"https:\\\/\\\/www.autoescolasantfeliu.com\\\/seguretat-viaria-el-que-ens-depara-aquest-any\\\/#primaryimage\"},\"image\":{\"@id\":\"https:\\\/\\\/www.autoescolasantfeliu.com\\\/seguretat-viaria-el-que-ens-depara-aquest-any\\\/#primaryimage\"},\"thumbnailUrl\":\"https:\\\/\\\/www.autoescolasantfeliu.com\\\/wp-content\\\/uploads\\\/2025\\\/02\\\/Autoescola-Sant-Feliu-Blog-Seguretat-viaria-El-que-ens-depara-aquest-any.jpg\",\"datePublished\":\"2025-02-10T21:55:47+00:00\",\"dateModified\":\"2025-02-10T21:59:53+00:00\",\"description\":\"2025 promet ser un any transformador en l'\u00e0mbit de la seguretat vi\u00e0ria. La mobilitat es dirigeix cap a un futur m\u00e9s segur i respectu\u00f3s amb el medi ambient.\",\"breadcrumb\":{\"@id\":\"https:\\\/\\\/www.autoescolasantfeliu.com\\\/seguretat-viaria-el-que-ens-depara-aquest-any\\\/#breadcrumb\"},\"inLanguage\":\"es\",\"potentialAction\":[{\"@type\":\"ReadAction\",\"target\":[\"https:\\\/\\\/www.autoescolasantfeliu.com\\\/seguretat-viaria-el-que-ens-depara-aquest-any\\\/\"]}]},{\"@type\":\"ImageObject\",\"inLanguage\":\"es\",\"@id\":\"https:\\\/\\\/www.autoescolasantfeliu.com\\\/seguretat-viaria-el-que-ens-depara-aquest-any\\\/#primaryimage\",\"url\":\"https:\\\/\\\/www.autoescolasantfeliu.com\\\/wp-content\\\/uploads\\\/2025\\\/02\\\/Autoescola-Sant-Feliu-Blog-Seguretat-viaria-El-que-ens-depara-aquest-any.jpg\",\"contentUrl\":\"https:\\\/\\\/www.autoescolasantfeliu.com\\\/wp-content\\\/uploads\\\/2025\\\/02\\\/Autoescola-Sant-Feliu-Blog-Seguretat-viaria-El-que-ens-depara-aquest-any.jpg\",\"width\":900,\"height\":600,\"caption\":\"Autoescola Sant Feliu - Blog - Seguretat vi\u00e0ria - El que ens depara aquest any\"},{\"@type\":\"BreadcrumbList\",\"@id\":\"https:\\\/\\\/www.autoescolasantfeliu.com\\\/seguretat-viaria-el-que-ens-depara-aquest-any\\\/#breadcrumb\",\"itemListElement\":[{\"@type\":\"ListItem\",\"position\":1,\"name\":\"Portada\",\"item\":\"https:\\\/\\\/www.autoescolasantfeliu.com\\\/\"},{\"@type\":\"ListItem\",\"position\":2,\"name\":\"Seguridad vial: \u00a1lo que nos depara este a\u00f1o!\"}]},{\"@type\":\"WebSite\",\"@id\":\"https:\\\/\\\/www.autoescolasantfeliu.com\\\/#website\",\"url\":\"https:\\\/\\\/www.autoescolasantfeliu.com\\\/\",\"name\":\"Autoescola Sant Feliu\",\"description\":\"Autoescola Sant Feliu\",\"publisher\":{\"@id\":\"https:\\\/\\\/www.autoescolasantfeliu.com\\\/#organization\"},\"potentialAction\":[{\"@type\":\"SearchAction\",\"target\":{\"@type\":\"EntryPoint\",\"urlTemplate\":\"https:\\\/\\\/www.autoescolasantfeliu.com\\\/?s={search_term_string}\"},\"query-input\":{\"@type\":\"PropertyValueSpecification\",\"valueRequired\":true,\"valueName\":\"search_term_string\"}}],\"inLanguage\":\"es\"},{\"@type\":\"Organization\",\"@id\":\"https:\\\/\\\/www.autoescolasantfeliu.com\\\/#organization\",\"name\":\"Autoescola Sant Feliu\",\"url\":\"https:\\\/\\\/www.autoescolasantfeliu.com\\\/\",\"logo\":{\"@type\":\"ImageObject\",\"inLanguage\":\"es\",\"@id\":\"https:\\\/\\\/www.autoescolasantfeliu.com\\\/#\\\/schema\\\/logo\\\/image\\\/\",\"url\":\"https:\\\/\\\/www.autoescolasantfeliu.com\\\/wp-content\\\/uploads\\\/2018\\\/11\\\/Autoescola-Sant-Feliu-Logo.png\",\"contentUrl\":\"https:\\\/\\\/www.autoescolasantfeliu.com\\\/wp-content\\\/uploads\\\/2018\\\/11\\\/Autoescola-Sant-Feliu-Logo.png\",\"width\":450,\"height\":65,\"caption\":\"Autoescola Sant Feliu\"},\"image\":{\"@id\":\"https:\\\/\\\/www.autoescolasantfeliu.com\\\/#\\\/schema\\\/logo\\\/image\\\/\"},\"sameAs\":[\"https:\\\/\\\/www.facebook.com\\\/autoescolastfeliu\\\/?ref=br_rs\",\"https:\\\/\\\/www.instagram.com\\\/autoescolasantfeliuaesf\\\/\"]},{\"@type\":\"Person\",\"@id\":\"https:\\\/\\\/www.autoescolasantfeliu.com\\\/#\\\/schema\\\/person\\\/e215cfaecdd132a6fe01e728f517c13b\",\"name\":\"Autoescola Sant Feliu\"}]}<\/script>\n<!-- \/ Yoast SEO plugin. -->","yoast_head_json":{"title":"[:ca]Seguretat vi\u00e0ria: el que ens depara aquest any![:es]Seguridad vial: \u00a1lo que nos depara este a\u00f1o![:] - Autoescola Sant Feliu","description":"2025 promet ser un any transformador en l'\u00e0mbit de la seguretat vi\u00e0ria. La mobilitat es dirigeix cap a un futur m\u00e9s segur i respectu\u00f3s amb el medi ambient.","robots":{"index":"index","follow":"follow","max-snippet":"max-snippet:-1","max-image-preview":"max-image-preview:large","max-video-preview":"max-video-preview:-1"},"canonical":"https:\/\/www.autoescolasantfeliu.com\/seguretat-viaria-el-que-ens-depara-aquest-any\/","og_locale":"es_ES","og_type":"article","og_title":"[:ca]Seguretat vi\u00e0ria: el que ens depara aquest any![:es]Seguridad vial: \u00a1lo que nos depara este a\u00f1o![:] - Autoescola Sant Feliu","og_description":"2025 promet ser un any transformador en l'\u00e0mbit de la seguretat vi\u00e0ria. La mobilitat es dirigeix cap a un futur m\u00e9s segur i respectu\u00f3s amb el medi ambient.","og_url":"https:\/\/www.autoescolasantfeliu.com\/seguretat-viaria-el-que-ens-depara-aquest-any\/","og_site_name":"Autoescola Sant Feliu","article_publisher":"https:\/\/www.facebook.com\/autoescolastfeliu\/?ref=br_rs","article_published_time":"2025-02-10T21:55:47+00:00","article_modified_time":"2025-02-10T21:59:53+00:00","og_image":[{"width":900,"height":600,"url":"https:\/\/www.autoescolasantfeliu.com\/wp-content\/uploads\/2025\/02\/Autoescola-Sant-Feliu-Blog-Seguretat-viaria-El-que-ens-depara-aquest-any.jpg","type":"image\/jpeg"}],"author":"Autoescola Sant Feliu","twitter_card":"summary_large_image","twitter_misc":{"Escrito por":"Autoescola Sant Feliu","Tiempo de lectura":"3 minutos"},"schema":{"@context":"https:\/\/schema.org","@graph":[{"@type":"Article","@id":"https:\/\/www.autoescolasantfeliu.com\/seguretat-viaria-el-que-ens-depara-aquest-any\/#article","isPartOf":{"@id":"https:\/\/www.autoescolasantfeliu.com\/seguretat-viaria-el-que-ens-depara-aquest-any\/"},"author":{"name":"Autoescola Sant Feliu","@id":"https:\/\/www.autoescolasantfeliu.com\/#\/schema\/person\/e215cfaecdd132a6fe01e728f517c13b"},"headline":"Seguridad vial: \u00a1lo que nos depara este a\u00f1o!","datePublished":"2025-02-10T21:55:47+00:00","dateModified":"2025-02-10T21:59:53+00:00","mainEntityOfPage":{"@id":"https:\/\/www.autoescolasantfeliu.com\/seguretat-viaria-el-que-ens-depara-aquest-any\/"},"wordCount":1110,"publisher":{"@id":"https:\/\/www.autoescolasantfeliu.com\/#organization"},"image":{"@id":"https:\/\/www.autoescolasantfeliu.com\/seguretat-viaria-el-que-ens-depara-aquest-any\/#primaryimage"},"thumbnailUrl":"https:\/\/www.autoescolasantfeliu.com\/wp-content\/uploads\/2025\/02\/Autoescola-Sant-Feliu-Blog-Seguretat-viaria-El-que-ens-depara-aquest-any.jpg","articleSection":["Noticias"],"inLanguage":"es"},{"@type":"WebPage","@id":"https:\/\/www.autoescolasantfeliu.com\/seguretat-viaria-el-que-ens-depara-aquest-any\/","url":"https:\/\/www.autoescolasantfeliu.com\/seguretat-viaria-el-que-ens-depara-aquest-any\/","name":"[:ca]Seguretat vi\u00e0ria: el que ens depara aquest any![:es]Seguridad vial: \u00a1lo que nos depara este a\u00f1o![:] - Autoescola Sant Feliu","isPartOf":{"@id":"https:\/\/www.autoescolasantfeliu.com\/#website"},"primaryImageOfPage":{"@id":"https:\/\/www.autoescolasantfeliu.com\/seguretat-viaria-el-que-ens-depara-aquest-any\/#primaryimage"},"image":{"@id":"https:\/\/www.autoescolasantfeliu.com\/seguretat-viaria-el-que-ens-depara-aquest-any\/#primaryimage"},"thumbnailUrl":"https:\/\/www.autoescolasantfeliu.com\/wp-content\/uploads\/2025\/02\/Autoescola-Sant-Feliu-Blog-Seguretat-viaria-El-que-ens-depara-aquest-any.jpg","datePublished":"2025-02-10T21:55:47+00:00","dateModified":"2025-02-10T21:59:53+00:00","description":"2025 promet ser un any transformador en l'\u00e0mbit de la seguretat vi\u00e0ria. La mobilitat es dirigeix cap a un futur m\u00e9s segur i respectu\u00f3s amb el medi ambient.","breadcrumb":{"@id":"https:\/\/www.autoescolasantfeliu.com\/seguretat-viaria-el-que-ens-depara-aquest-any\/#breadcrumb"},"inLanguage":"es","potentialAction":[{"@type":"ReadAction","target":["https:\/\/www.autoescolasantfeliu.com\/seguretat-viaria-el-que-ens-depara-aquest-any\/"]}]},{"@type":"ImageObject","inLanguage":"es","@id":"https:\/\/www.autoescolasantfeliu.com\/seguretat-viaria-el-que-ens-depara-aquest-any\/#primaryimage","url":"https:\/\/www.autoescolasantfeliu.com\/wp-content\/uploads\/2025\/02\/Autoescola-Sant-Feliu-Blog-Seguretat-viaria-El-que-ens-depara-aquest-any.jpg","contentUrl":"https:\/\/www.autoescolasantfeliu.com\/wp-content\/uploads\/2025\/02\/Autoescola-Sant-Feliu-Blog-Seguretat-viaria-El-que-ens-depara-aquest-any.jpg","width":900,"height":600,"caption":"Autoescola Sant Feliu - Blog - Seguretat vi\u00e0ria - El que ens depara aquest any"},{"@type":"BreadcrumbList","@id":"https:\/\/www.autoescolasantfeliu.com\/seguretat-viaria-el-que-ens-depara-aquest-any\/#breadcrumb","itemListElement":[{"@type":"ListItem","position":1,"name":"Portada","item":"https:\/\/www.autoescolasantfeliu.com\/"},{"@type":"ListItem","position":2,"name":"Seguridad vial: \u00a1lo que nos depara este a\u00f1o!"}]},{"@type":"WebSite","@id":"https:\/\/www.autoescolasantfeliu.com\/#website","url":"https:\/\/www.autoescolasantfeliu.com\/","name":"Autoescola Sant Feliu","description":"Autoescola Sant Feliu","publisher":{"@id":"https:\/\/www.autoescolasantfeliu.com\/#organization"},"potentialAction":[{"@type":"SearchAction","target":{"@type":"EntryPoint","urlTemplate":"https:\/\/www.autoescolasantfeliu.com\/?s={search_term_string}"},"query-input":{"@type":"PropertyValueSpecification","valueRequired":true,"valueName":"search_term_string"}}],"inLanguage":"es"},{"@type":"Organization","@id":"https:\/\/www.autoescolasantfeliu.com\/#organization","name":"Autoescola Sant Feliu","url":"https:\/\/www.autoescolasantfeliu.com\/","logo":{"@type":"ImageObject","inLanguage":"es","@id":"https:\/\/www.autoescolasantfeliu.com\/#\/schema\/logo\/image\/","url":"https:\/\/www.autoescolasantfeliu.com\/wp-content\/uploads\/2018\/11\/Autoescola-Sant-Feliu-Logo.png","contentUrl":"https:\/\/www.autoescolasantfeliu.com\/wp-content\/uploads\/2018\/11\/Autoescola-Sant-Feliu-Logo.png","width":450,"height":65,"caption":"Autoescola Sant Feliu"},"image":{"@id":"https:\/\/www.autoescolasantfeliu.com\/#\/schema\/logo\/image\/"},"sameAs":["https:\/\/www.facebook.com\/autoescolastfeliu\/?ref=br_rs","https:\/\/www.instagram.com\/autoescolasantfeliuaesf\/"]},{"@type":"Person","@id":"https:\/\/www.autoescolasantfeliu.com\/#\/schema\/person\/e215cfaecdd132a6fe01e728f517c13b","name":"Autoescola Sant Feliu"}]}},"_links":{"self":[{"href":"https:\/\/www.autoescolasantfeliu.com\/es\/wp-json\/wp\/v2\/posts\/2079","targetHints":{"allow":["GET"]}}],"collection":[{"href":"https:\/\/www.autoescolasantfeliu.com\/es\/wp-json\/wp\/v2\/posts"}],"about":[{"href":"https:\/\/www.autoescolasantfeliu.com\/es\/wp-json\/wp\/v2\/types\/post"}],"author":[{"embeddable":true,"href":"https:\/\/www.autoescolasantfeliu.com\/es\/wp-json\/wp\/v2\/users\/1"}],"replies":[{"embeddable":true,"href":"https:\/\/www.autoescolasantfeliu.com\/es\/wp-json\/wp\/v2\/comments?post=2079"}],"version-history":[{"count":9,"href":"https:\/\/www.autoescolasantfeliu.com\/es\/wp-json\/wp\/v2\/posts\/2079\/revisions"}],"predecessor-version":[{"id":2089,"href":"https:\/\/www.autoescolasantfeliu.com\/es\/wp-json\/wp\/v2\/posts\/2079\/revisions\/2089"}],"wp:featuredmedia":[{"embeddable":true,"href":"https:\/\/www.autoescolasantfeliu.com\/es\/wp-json\/wp\/v2\/media\/2081"}],"wp:attachment":[{"href":"https:\/\/www.autoescolasantfeliu.com\/es\/wp-json\/wp\/v2\/media?parent=2079"}],"wp:term":[{"taxonomy":"category","embeddable":true,"href":"https:\/\/www.autoescolasantfeliu.com\/es\/wp-json\/wp\/v2\/categories?post=2079"},{"taxonomy":"post_tag","embeddable":true,"href":"https:\/\/www.autoescolasantfeliu.com\/es\/wp-json\/wp\/v2\/tags?post=2079"}],"curies":[{"name":"wp","href":"https:\/\/api.w.org\/{rel}","templated":true}]}}