{"id":1922,"date":"2024-02-20T15:29:25","date_gmt":"2024-02-20T14:29:25","guid":{"rendered":"https:\/\/www.autoescolasantfeliu.com\/?p=1922"},"modified":"2024-02-20T15:31:39","modified_gmt":"2024-02-20T14:31:39","slug":"la-dgt-obligara-a-fer-un-curs-per-a-conduir-motos-de-125cc","status":"publish","type":"post","link":"https:\/\/www.autoescolasantfeliu.com\/es\/la-dgt-obligara-a-fer-un-curs-per-a-conduir-motos-de-125cc\/","title":{"rendered":"La DGT obligar\u00e1 a hacer un curso para conducir motos de 125cc"},"content":{"rendered":"<p><\/p>\n<h2>Pero\u2026 \u00bfen qu\u00e9 consiste el curso?<\/h2>\n<p style=\"text-align: justify;\">Hasta ahora, los poseedores del carn\u00e9 B, tras tres a\u00f1os de experiencia, pod\u00edan conducir motos de 125 cc y 15 CV sin necesidad de tener ning\u00fan certificado que as\u00ed lo acreditara.<\/p>\n<p style=\"text-align: justify;\">A partir de ahora, los titulares del carn\u00e9 de coche <strong>deber\u00e1n pasar por dicha formaci\u00f3n si quieren conducir estas motos<\/strong>.<\/p>\n<p style=\"text-align: justify;\">En Francia este curso es obligatorio desde 2011. Y precisamente la experiencia del pa\u00eds vecino es la que se va a utilizar como referencia en Espa\u00f1a. All\u00ed este curso tiene una duraci\u00f3n de siete horas, a realizar en una misma jornada, y es obligatorio para todos aquellos que quieran pilotar una moto de estas caracter\u00edsticas, independientemente de la antig\u00fcedad del carn\u00e9.<\/p>\n<p style=\"text-align: justify;\">Adem\u00e1s, se debe superar un examen, dividido en tres fases, para ser considerado apto. La primera parte es un examen te\u00f3rico de tres horas de duraci\u00f3n. Las otras dos fases son pr\u00e1cticas, siendo una de habilidades de conducci\u00f3n fuera de la v\u00eda p\u00fablica y, por tanto, sin circulaci\u00f3n, y la otra con circulaci\u00f3n real.<\/p>\n<p style=\"text-align: justify;\">Este curso se realiza en una autoescuela o asociaci\u00f3n homologada\u00a0y, si el examinado lo supera favorablemente, se le\u00a0otorga un documento\u00a0que debe llevar y presentar si se le exige.<\/p>\n<h3><a href=\"https:\/\/www.autoescolasantfeliu.com\/contacte\/\" target=\"_blank\" rel=\"noopener\">Si necesitas m\u00e1s informaci\u00f3n, ac\u00e9rcate a Autoescola Sant Feliu<\/a><\/h3>\n<p style=\"text-align: justify;\">Te daremos todos los detalles sobre la normativa y c\u00f3mo puedes adaptarte a ella.<\/p>\n<p><img decoding=\"async\" class=\"aligncenter wp-image-1923 size-full\" title=\"Autoescola Sant Feliu - Blog - La DGT obligar\u00e1 a hacer un curso para conducir motos de 125cc\" src=\"https:\/\/www.autoescolasantfeliu.com\/wp-content\/uploads\/2024\/02\/Autoescola-Sant-Feliu-Blog-La-DGT-obligara-a-fer-un-curs-per-a-conduir-motos-de-125cc.jpg\" alt=\"Autoescola Sant Feliu - Blog - La DGT obligar\u00e1 a hacer un curso para conducir motos de 125cc\" width=\"900\" height=\"600\" srcset=\"https:\/\/www.autoescolasantfeliu.com\/wp-content\/uploads\/2024\/02\/Autoescola-Sant-Feliu-Blog-La-DGT-obligara-a-fer-un-curs-per-a-conduir-motos-de-125cc.jpg 900w, https:\/\/www.autoescolasantfeliu.com\/wp-content\/uploads\/2024\/02\/Autoescola-Sant-Feliu-Blog-La-DGT-obligara-a-fer-un-curs-per-a-conduir-motos-de-125cc-300x200.jpg 300w, https:\/\/www.autoescolasantfeliu.com\/wp-content\/uploads\/2024\/02\/Autoescola-Sant-Feliu-Blog-La-DGT-obligara-a-fer-un-curs-per-a-conduir-motos-de-125cc-768x512.jpg 768w\" sizes=\"(max-width: 900px) 100vw, 900px\" \/><\/p>","protected":false},"excerpt":{"rendered":"<p style=\"text-align: justify;\">Hasta ahora, los poseedores del carn\u00e9 B, tras tres a\u00f1os de experiencia, pod\u00edan conducir motos de 125 cc y 15 CV sin necesidad de tener ning\u00fan certificado que as\u00ed lo acreditara.<\/p>\n<p style=\"text-align: justify;\">A partir de ahora, los titulares del carn\u00e9 de coche <strong>deber\u00e1n pasar por dicha formaci\u00f3n si quieren conducir estas motos<\/strong>.<\/p>\n","protected":false},"author":1,"featured_media":1923,"comment_status":"closed","ping_status":"closed","sticky":false,"template":"","format":"standard","meta":{"footnotes":""},"categories":[1],"tags":[],"class_list":["post-1922","post","type-post","status-publish","format-standard","has-post-thumbnail","hentry","category-news"],"yoast_head":"<!-- This site is optimized with the Yoast SEO plugin v27.5 - https:\/\/yoast.com\/product\/yoast-seo-wordpress\/ -->\n<title>La DGT obligar\u00e1 a hacer un curso para conducir motos de 125cc - Autoescola Sant Feliu<\/title>\n<meta name=\"description\" content=\"A partir d&#039;ara, els titulars del carnet de cotxe hauran de passar per una formaci\u00f3 si volen conduir aquestes motos.\" \/>\n<meta name=\"robots\" content=\"index, follow, max-snippet:-1, max-image-preview:large, max-video-preview:-1\" \/>\n<link rel=\"canonical\" href=\"https:\/\/www.autoescolasantfeliu.com\/la-dgt-obligara-a-fer-un-curs-per-a-conduir-motos-de-125cc\/\" \/>\n<meta property=\"og:locale\" content=\"es_ES\" \/>\n<meta property=\"og:type\" content=\"article\" \/>\n<meta property=\"og:title\" content=\"[:ca]La DGT obligar\u00e0 a fer un curs per a conduir motos de 125cc[:es]La DGT obligar\u00e1 a hacer un curso para conducir motos de 125cc[:] - Autoescola Sant Feliu\" \/>\n<meta property=\"og:description\" content=\"A partir d&#039;ara, els titulars del carnet de cotxe hauran de passar per una formaci\u00f3 si volen conduir aquestes motos.\" \/>\n<meta property=\"og:url\" content=\"https:\/\/www.autoescolasantfeliu.com\/la-dgt-obligara-a-fer-un-curs-per-a-conduir-motos-de-125cc\/\" \/>\n<meta property=\"og:site_name\" content=\"Autoescola Sant Feliu\" \/>\n<meta property=\"article:publisher\" content=\"https:\/\/www.facebook.com\/autoescolastfeliu\/?ref=br_rs\" \/>\n<meta property=\"article:published_time\" content=\"2024-02-20T14:29:25+00:00\" \/>\n<meta property=\"article:modified_time\" content=\"2024-02-20T14:31:39+00:00\" \/>\n<meta property=\"og:image\" content=\"https:\/\/www.autoescolasantfeliu.com\/wp-content\/uploads\/2024\/02\/Autoescola-Sant-Feliu-Blog-La-DGT-obligara-a-fer-un-curs-per-a-conduir-motos-de-125cc.jpg\" \/>\n\t<meta property=\"og:image:width\" content=\"900\" \/>\n\t<meta property=\"og:image:height\" content=\"600\" \/>\n\t<meta property=\"og:image:type\" content=\"image\/jpeg\" \/>\n<meta name=\"author\" content=\"Autoescola Sant Feliu\" \/>\n<meta name=\"twitter:card\" content=\"summary_large_image\" \/>\n<meta name=\"twitter:label1\" content=\"Escrito por\" \/>\n\t<meta name=\"twitter:data1\" content=\"Autoescola Sant Feliu\" \/>\n\t<meta name=\"twitter:label2\" content=\"Tiempo de lectura\" \/>\n\t<meta name=\"twitter:data2\" content=\"2 minutos\" \/>\n<script type=\"application\/ld+json\" class=\"yoast-schema-graph\">{\"@context\":\"https:\\\/\\\/schema.org\",\"@graph\":[{\"@type\":\"Article\",\"@id\":\"https:\\\/\\\/www.autoescolasantfeliu.com\\\/la-dgt-obligara-a-fer-un-curs-per-a-conduir-motos-de-125cc\\\/#article\",\"isPartOf\":{\"@id\":\"https:\\\/\\\/www.autoescolasantfeliu.com\\\/la-dgt-obligara-a-fer-un-curs-per-a-conduir-motos-de-125cc\\\/\"},\"author\":{\"name\":\"Autoescola Sant Feliu\",\"@id\":\"https:\\\/\\\/www.autoescolasantfeliu.com\\\/#\\\/schema\\\/person\\\/e215cfaecdd132a6fe01e728f517c13b\"},\"headline\":\"La DGT obligar\u00e1 a hacer un curso para conducir motos de 125cc\",\"datePublished\":\"2024-02-20T14:29:25+00:00\",\"dateModified\":\"2024-02-20T14:31:39+00:00\",\"mainEntityOfPage\":{\"@id\":\"https:\\\/\\\/www.autoescolasantfeliu.com\\\/la-dgt-obligara-a-fer-un-curs-per-a-conduir-motos-de-125cc\\\/\"},\"wordCount\":522,\"publisher\":{\"@id\":\"https:\\\/\\\/www.autoescolasantfeliu.com\\\/#organization\"},\"image\":{\"@id\":\"https:\\\/\\\/www.autoescolasantfeliu.com\\\/la-dgt-obligara-a-fer-un-curs-per-a-conduir-motos-de-125cc\\\/#primaryimage\"},\"thumbnailUrl\":\"https:\\\/\\\/www.autoescolasantfeliu.com\\\/wp-content\\\/uploads\\\/2024\\\/02\\\/Autoescola-Sant-Feliu-Blog-La-DGT-obligara-a-fer-un-curs-per-a-conduir-motos-de-125cc.jpg\",\"articleSection\":[\"Noticias\"],\"inLanguage\":\"es\"},{\"@type\":\"WebPage\",\"@id\":\"https:\\\/\\\/www.autoescolasantfeliu.com\\\/la-dgt-obligara-a-fer-un-curs-per-a-conduir-motos-de-125cc\\\/\",\"url\":\"https:\\\/\\\/www.autoescolasantfeliu.com\\\/la-dgt-obligara-a-fer-un-curs-per-a-conduir-motos-de-125cc\\\/\",\"name\":\"[:ca]La DGT obligar\u00e0 a fer un curs per a conduir motos de 125cc[:es]La DGT obligar\u00e1 a hacer un curso para conducir motos de 125cc[:] - Autoescola Sant Feliu\",\"isPartOf\":{\"@id\":\"https:\\\/\\\/www.autoescolasantfeliu.com\\\/#website\"},\"primaryImageOfPage\":{\"@id\":\"https:\\\/\\\/www.autoescolasantfeliu.com\\\/la-dgt-obligara-a-fer-un-curs-per-a-conduir-motos-de-125cc\\\/#primaryimage\"},\"image\":{\"@id\":\"https:\\\/\\\/www.autoescolasantfeliu.com\\\/la-dgt-obligara-a-fer-un-curs-per-a-conduir-motos-de-125cc\\\/#primaryimage\"},\"thumbnailUrl\":\"https:\\\/\\\/www.autoescolasantfeliu.com\\\/wp-content\\\/uploads\\\/2024\\\/02\\\/Autoescola-Sant-Feliu-Blog-La-DGT-obligara-a-fer-un-curs-per-a-conduir-motos-de-125cc.jpg\",\"datePublished\":\"2024-02-20T14:29:25+00:00\",\"dateModified\":\"2024-02-20T14:31:39+00:00\",\"description\":\"A partir d'ara, els titulars del carnet de cotxe hauran de passar per una formaci\u00f3 si volen conduir aquestes motos.\",\"breadcrumb\":{\"@id\":\"https:\\\/\\\/www.autoescolasantfeliu.com\\\/la-dgt-obligara-a-fer-un-curs-per-a-conduir-motos-de-125cc\\\/#breadcrumb\"},\"inLanguage\":\"es\",\"potentialAction\":[{\"@type\":\"ReadAction\",\"target\":[\"https:\\\/\\\/www.autoescolasantfeliu.com\\\/la-dgt-obligara-a-fer-un-curs-per-a-conduir-motos-de-125cc\\\/\"]}]},{\"@type\":\"ImageObject\",\"inLanguage\":\"es\",\"@id\":\"https:\\\/\\\/www.autoescolasantfeliu.com\\\/la-dgt-obligara-a-fer-un-curs-per-a-conduir-motos-de-125cc\\\/#primaryimage\",\"url\":\"https:\\\/\\\/www.autoescolasantfeliu.com\\\/wp-content\\\/uploads\\\/2024\\\/02\\\/Autoescola-Sant-Feliu-Blog-La-DGT-obligara-a-fer-un-curs-per-a-conduir-motos-de-125cc.jpg\",\"contentUrl\":\"https:\\\/\\\/www.autoescolasantfeliu.com\\\/wp-content\\\/uploads\\\/2024\\\/02\\\/Autoescola-Sant-Feliu-Blog-La-DGT-obligara-a-fer-un-curs-per-a-conduir-motos-de-125cc.jpg\",\"width\":900,\"height\":600,\"caption\":\"Autoescola Sant Feliu - Blog - La DGT obligar\u00e1 a hacer un curso para conducir motos de 125cc\"},{\"@type\":\"BreadcrumbList\",\"@id\":\"https:\\\/\\\/www.autoescolasantfeliu.com\\\/la-dgt-obligara-a-fer-un-curs-per-a-conduir-motos-de-125cc\\\/#breadcrumb\",\"itemListElement\":[{\"@type\":\"ListItem\",\"position\":1,\"name\":\"Portada\",\"item\":\"https:\\\/\\\/www.autoescolasantfeliu.com\\\/\"},{\"@type\":\"ListItem\",\"position\":2,\"name\":\"La DGT obligar\u00e1 a hacer un curso para conducir motos de 125cc\"}]},{\"@type\":\"WebSite\",\"@id\":\"https:\\\/\\\/www.autoescolasantfeliu.com\\\/#website\",\"url\":\"https:\\\/\\\/www.autoescolasantfeliu.com\\\/\",\"name\":\"Autoescola Sant Feliu\",\"description\":\"Autoescola Sant Feliu\",\"publisher\":{\"@id\":\"https:\\\/\\\/www.autoescolasantfeliu.com\\\/#organization\"},\"potentialAction\":[{\"@type\":\"SearchAction\",\"target\":{\"@type\":\"EntryPoint\",\"urlTemplate\":\"https:\\\/\\\/www.autoescolasantfeliu.com\\\/?s={search_term_string}\"},\"query-input\":{\"@type\":\"PropertyValueSpecification\",\"valueRequired\":true,\"valueName\":\"search_term_string\"}}],\"inLanguage\":\"es\"},{\"@type\":\"Organization\",\"@id\":\"https:\\\/\\\/www.autoescolasantfeliu.com\\\/#organization\",\"name\":\"Autoescola Sant Feliu\",\"url\":\"https:\\\/\\\/www.autoescolasantfeliu.com\\\/\",\"logo\":{\"@type\":\"ImageObject\",\"inLanguage\":\"es\",\"@id\":\"https:\\\/\\\/www.autoescolasantfeliu.com\\\/#\\\/schema\\\/logo\\\/image\\\/\",\"url\":\"https:\\\/\\\/www.autoescolasantfeliu.com\\\/wp-content\\\/uploads\\\/2018\\\/11\\\/Autoescola-Sant-Feliu-Logo.png\",\"contentUrl\":\"https:\\\/\\\/www.autoescolasantfeliu.com\\\/wp-content\\\/uploads\\\/2018\\\/11\\\/Autoescola-Sant-Feliu-Logo.png\",\"width\":450,\"height\":65,\"caption\":\"Autoescola Sant Feliu\"},\"image\":{\"@id\":\"https:\\\/\\\/www.autoescolasantfeliu.com\\\/#\\\/schema\\\/logo\\\/image\\\/\"},\"sameAs\":[\"https:\\\/\\\/www.facebook.com\\\/autoescolastfeliu\\\/?ref=br_rs\",\"https:\\\/\\\/www.instagram.com\\\/autoescolasantfeliuaesf\\\/\"]},{\"@type\":\"Person\",\"@id\":\"https:\\\/\\\/www.autoescolasantfeliu.com\\\/#\\\/schema\\\/person\\\/e215cfaecdd132a6fe01e728f517c13b\",\"name\":\"Autoescola Sant Feliu\"}]}<\/script>\n<!-- \/ Yoast SEO plugin. -->","yoast_head_json":{"title":"[:ca]La DGT obligar\u00e0 a fer un curs per a conduir motos de 125cc[:es]La DGT obligar\u00e1 a hacer un curso para conducir motos de 125cc[:] - Autoescola Sant Feliu","description":"A partir d'ara, els titulars del carnet de cotxe hauran de passar per una formaci\u00f3 si volen conduir aquestes motos.","robots":{"index":"index","follow":"follow","max-snippet":"max-snippet:-1","max-image-preview":"max-image-preview:large","max-video-preview":"max-video-preview:-1"},"canonical":"https:\/\/www.autoescolasantfeliu.com\/la-dgt-obligara-a-fer-un-curs-per-a-conduir-motos-de-125cc\/","og_locale":"es_ES","og_type":"article","og_title":"[:ca]La DGT obligar\u00e0 a fer un curs per a conduir motos de 125cc[:es]La DGT obligar\u00e1 a hacer un curso para conducir motos de 125cc[:] - Autoescola Sant Feliu","og_description":"A partir d'ara, els titulars del carnet de cotxe hauran de passar per una formaci\u00f3 si volen conduir aquestes motos.","og_url":"https:\/\/www.autoescolasantfeliu.com\/la-dgt-obligara-a-fer-un-curs-per-a-conduir-motos-de-125cc\/","og_site_name":"Autoescola Sant Feliu","article_publisher":"https:\/\/www.facebook.com\/autoescolastfeliu\/?ref=br_rs","article_published_time":"2024-02-20T14:29:25+00:00","article_modified_time":"2024-02-20T14:31:39+00:00","og_image":[{"width":900,"height":600,"url":"https:\/\/www.autoescolasantfeliu.com\/wp-content\/uploads\/2024\/02\/Autoescola-Sant-Feliu-Blog-La-DGT-obligara-a-fer-un-curs-per-a-conduir-motos-de-125cc.jpg","type":"image\/jpeg"}],"author":"Autoescola Sant Feliu","twitter_card":"summary_large_image","twitter_misc":{"Escrito por":"Autoescola Sant Feliu","Tiempo de lectura":"2 minutos"},"schema":{"@context":"https:\/\/schema.org","@graph":[{"@type":"Article","@id":"https:\/\/www.autoescolasantfeliu.com\/la-dgt-obligara-a-fer-un-curs-per-a-conduir-motos-de-125cc\/#article","isPartOf":{"@id":"https:\/\/www.autoescolasantfeliu.com\/la-dgt-obligara-a-fer-un-curs-per-a-conduir-motos-de-125cc\/"},"author":{"name":"Autoescola Sant Feliu","@id":"https:\/\/www.autoescolasantfeliu.com\/#\/schema\/person\/e215cfaecdd132a6fe01e728f517c13b"},"headline":"La DGT obligar\u00e1 a hacer un curso para conducir motos de 125cc","datePublished":"2024-02-20T14:29:25+00:00","dateModified":"2024-02-20T14:31:39+00:00","mainEntityOfPage":{"@id":"https:\/\/www.autoescolasantfeliu.com\/la-dgt-obligara-a-fer-un-curs-per-a-conduir-motos-de-125cc\/"},"wordCount":522,"publisher":{"@id":"https:\/\/www.autoescolasantfeliu.com\/#organization"},"image":{"@id":"https:\/\/www.autoescolasantfeliu.com\/la-dgt-obligara-a-fer-un-curs-per-a-conduir-motos-de-125cc\/#primaryimage"},"thumbnailUrl":"https:\/\/www.autoescolasantfeliu.com\/wp-content\/uploads\/2024\/02\/Autoescola-Sant-Feliu-Blog-La-DGT-obligara-a-fer-un-curs-per-a-conduir-motos-de-125cc.jpg","articleSection":["Noticias"],"inLanguage":"es"},{"@type":"WebPage","@id":"https:\/\/www.autoescolasantfeliu.com\/la-dgt-obligara-a-fer-un-curs-per-a-conduir-motos-de-125cc\/","url":"https:\/\/www.autoescolasantfeliu.com\/la-dgt-obligara-a-fer-un-curs-per-a-conduir-motos-de-125cc\/","name":"[:ca]La DGT obligar\u00e0 a fer un curs per a conduir motos de 125cc[:es]La DGT obligar\u00e1 a hacer un curso para conducir motos de 125cc[:] - Autoescola Sant Feliu","isPartOf":{"@id":"https:\/\/www.autoescolasantfeliu.com\/#website"},"primaryImageOfPage":{"@id":"https:\/\/www.autoescolasantfeliu.com\/la-dgt-obligara-a-fer-un-curs-per-a-conduir-motos-de-125cc\/#primaryimage"},"image":{"@id":"https:\/\/www.autoescolasantfeliu.com\/la-dgt-obligara-a-fer-un-curs-per-a-conduir-motos-de-125cc\/#primaryimage"},"thumbnailUrl":"https:\/\/www.autoescolasantfeliu.com\/wp-content\/uploads\/2024\/02\/Autoescola-Sant-Feliu-Blog-La-DGT-obligara-a-fer-un-curs-per-a-conduir-motos-de-125cc.jpg","datePublished":"2024-02-20T14:29:25+00:00","dateModified":"2024-02-20T14:31:39+00:00","description":"A partir d'ara, els titulars del carnet de cotxe hauran de passar per una formaci\u00f3 si volen conduir aquestes motos.","breadcrumb":{"@id":"https:\/\/www.autoescolasantfeliu.com\/la-dgt-obligara-a-fer-un-curs-per-a-conduir-motos-de-125cc\/#breadcrumb"},"inLanguage":"es","potentialAction":[{"@type":"ReadAction","target":["https:\/\/www.autoescolasantfeliu.com\/la-dgt-obligara-a-fer-un-curs-per-a-conduir-motos-de-125cc\/"]}]},{"@type":"ImageObject","inLanguage":"es","@id":"https:\/\/www.autoescolasantfeliu.com\/la-dgt-obligara-a-fer-un-curs-per-a-conduir-motos-de-125cc\/#primaryimage","url":"https:\/\/www.autoescolasantfeliu.com\/wp-content\/uploads\/2024\/02\/Autoescola-Sant-Feliu-Blog-La-DGT-obligara-a-fer-un-curs-per-a-conduir-motos-de-125cc.jpg","contentUrl":"https:\/\/www.autoescolasantfeliu.com\/wp-content\/uploads\/2024\/02\/Autoescola-Sant-Feliu-Blog-La-DGT-obligara-a-fer-un-curs-per-a-conduir-motos-de-125cc.jpg","width":900,"height":600,"caption":"Autoescola Sant Feliu - Blog - La DGT obligar\u00e1 a hacer un curso para conducir motos de 125cc"},{"@type":"BreadcrumbList","@id":"https:\/\/www.autoescolasantfeliu.com\/la-dgt-obligara-a-fer-un-curs-per-a-conduir-motos-de-125cc\/#breadcrumb","itemListElement":[{"@type":"ListItem","position":1,"name":"Portada","item":"https:\/\/www.autoescolasantfeliu.com\/"},{"@type":"ListItem","position":2,"name":"La DGT obligar\u00e1 a hacer un curso para conducir motos de 125cc"}]},{"@type":"WebSite","@id":"https:\/\/www.autoescolasantfeliu.com\/#website","url":"https:\/\/www.autoescolasantfeliu.com\/","name":"Autoescola Sant Feliu","description":"Autoescola Sant Feliu","publisher":{"@id":"https:\/\/www.autoescolasantfeliu.com\/#organization"},"potentialAction":[{"@type":"SearchAction","target":{"@type":"EntryPoint","urlTemplate":"https:\/\/www.autoescolasantfeliu.com\/?s={search_term_string}"},"query-input":{"@type":"PropertyValueSpecification","valueRequired":true,"valueName":"search_term_string"}}],"inLanguage":"es"},{"@type":"Organization","@id":"https:\/\/www.autoescolasantfeliu.com\/#organization","name":"Autoescola Sant Feliu","url":"https:\/\/www.autoescolasantfeliu.com\/","logo":{"@type":"ImageObject","inLanguage":"es","@id":"https:\/\/www.autoescolasantfeliu.com\/#\/schema\/logo\/image\/","url":"https:\/\/www.autoescolasantfeliu.com\/wp-content\/uploads\/2018\/11\/Autoescola-Sant-Feliu-Logo.png","contentUrl":"https:\/\/www.autoescolasantfeliu.com\/wp-content\/uploads\/2018\/11\/Autoescola-Sant-Feliu-Logo.png","width":450,"height":65,"caption":"Autoescola Sant Feliu"},"image":{"@id":"https:\/\/www.autoescolasantfeliu.com\/#\/schema\/logo\/image\/"},"sameAs":["https:\/\/www.facebook.com\/autoescolastfeliu\/?ref=br_rs","https:\/\/www.instagram.com\/autoescolasantfeliuaesf\/"]},{"@type":"Person","@id":"https:\/\/www.autoescolasantfeliu.com\/#\/schema\/person\/e215cfaecdd132a6fe01e728f517c13b","name":"Autoescola Sant Feliu"}]}},"_links":{"self":[{"href":"https:\/\/www.autoescolasantfeliu.com\/es\/wp-json\/wp\/v2\/posts\/1922","targetHints":{"allow":["GET"]}}],"collection":[{"href":"https:\/\/www.autoescolasantfeliu.com\/es\/wp-json\/wp\/v2\/posts"}],"about":[{"href":"https:\/\/www.autoescolasantfeliu.com\/es\/wp-json\/wp\/v2\/types\/post"}],"author":[{"embeddable":true,"href":"https:\/\/www.autoescolasantfeliu.com\/es\/wp-json\/wp\/v2\/users\/1"}],"replies":[{"embeddable":true,"href":"https:\/\/www.autoescolasantfeliu.com\/es\/wp-json\/wp\/v2\/comments?post=1922"}],"version-history":[{"count":0,"href":"https:\/\/www.autoescolasantfeliu.com\/es\/wp-json\/wp\/v2\/posts\/1922\/revisions"}],"wp:featuredmedia":[{"embeddable":true,"href":"https:\/\/www.autoescolasantfeliu.com\/es\/wp-json\/wp\/v2\/media\/1923"}],"wp:attachment":[{"href":"https:\/\/www.autoescolasantfeliu.com\/es\/wp-json\/wp\/v2\/media?parent=1922"}],"wp:term":[{"taxonomy":"category","embeddable":true,"href":"https:\/\/www.autoescolasantfeliu.com\/es\/wp-json\/wp\/v2\/categories?post=1922"},{"taxonomy":"post_tag","embeddable":true,"href":"https:\/\/www.autoescolasantfeliu.com\/es\/wp-json\/wp\/v2\/tags?post=1922"}],"curies":[{"name":"wp","href":"https:\/\/api.w.org\/{rel}","templated":true}]}}