{"id":1778,"date":"2022-11-22T17:49:14","date_gmt":"2022-11-22T16:49:14","guid":{"rendered":"https:\/\/www.autoescolasantfeliu.com\/?p=1778"},"modified":"2022-11-22T17:50:32","modified_gmt":"2022-11-22T16:50:32","slug":"conduir-amb-labric-posat","status":"publish","type":"post","link":"https:\/\/www.autoescolasantfeliu.com\/es\/conduir-amb-labric-posat\/","title":{"rendered":"Conducir con el abrigo puesto"},"content":{"rendered":"<p><\/p>\n<h3>\u00bfConduces con el abrigo puesto? Atenci\u00f3n, \u00a1puede tener consecuencias!<\/h3>\n<p style=\"text-align: justify;\">Bajan las temperaturas y, sobre todo en trayectos cortos, es habitual que no nos quitemos el abrigo para conducir. Pero&#8230; cuidado porque esta pr\u00e1ctica no es recomendable para conducir y\u00a0<strong>puede incluso llevar multas<\/strong>.<\/p>\n<p>Por un lado, el acolchamiento del abrigo puede crear una c\u00e1mara de aire que haga que,\u00a0en caso de accidente,\u00a0se reduzca la eficacia del cintur\u00f3n de seguridad pero, adem\u00e1s, puede\u00a0impedir el correcto movimiento de los brazos al volante, con el riesgo que conlleva.<\/p>\n<h3>Ojo a sanciones\u2026 \u00a1de hasta 200\u20ac!<\/h3>\n<p style=\"text-align: justify;\">Si bien conducir con abrigo no acarrea una multa de por s\u00ed, la norma puede ser interpretable\u00a0y quien toma la decisi\u00f3n en \u00faltima instancia es el agente en caso de accidente. Si \u00e9ste considera que el\u00a0uso de esta prenda ha tenido responsabilidad directa en el suceso,\u00a0puede considerarse como una infracci\u00f3n grave por conducci\u00f3n negligente, lo que supone una\u00a0multa de hasta 200 euros.<\/p>\n<h3>Pero vamos m\u00e1s all\u00e1: \u00a1tambi\u00e9n cuidado con botas y guantes!<\/h3>\n<p style=\"text-align: justify;\">Lo mismo sucede que con el\u00a0uso de guantes o botas de suela gruesa.\u00a0La libertad de movimiento y posici\u00f3n adecuada conlleva una multa de 80 euros. En el Art\u00edculo 18.1 del Reglamento General de Circulaci\u00f3n se exige que, entre otros, el conductor debe \u00abmantener su propia libertad de movimientos\u00bb para garantizar su seguridad, la del resto de ocupantes del coche y la de los dem\u00e1s usuarios de la v\u00eda.<\/p>\n<p style=\"text-align: justify;\">En resumen, por tu seguridad y para evitar sanciones\u2026 recomendamos en invierno poner la calefacci\u00f3n y dejar el abrigo a un lado, ya que <strong>lo m\u00e1s importante es que tengas libertad de movimiento a la hora de emprender la conducci\u00f3n<\/strong>.<\/p>\n<p><a href=\"https:\/\/www.autoescolasantfeliu.com\/wp-content\/uploads\/2022\/11\/Autoescola-Sant-Feliu-Blog-Conduir-amb-abric.jpg\"><img fetchpriority=\"high\" decoding=\"async\" class=\"aligncenter size-full wp-image-1779\" src=\"https:\/\/www.autoescolasantfeliu.com\/wp-content\/uploads\/2022\/11\/Autoescola-Sant-Feliu-Blog-Conduir-amb-abric.jpg\" alt=\"Autoescola Sant Feliu - Blog - Conduir amb abric\" width=\"900\" height=\"600\" srcset=\"https:\/\/www.autoescolasantfeliu.com\/wp-content\/uploads\/2022\/11\/Autoescola-Sant-Feliu-Blog-Conduir-amb-abric.jpg 900w, https:\/\/www.autoescolasantfeliu.com\/wp-content\/uploads\/2022\/11\/Autoescola-Sant-Feliu-Blog-Conduir-amb-abric-300x200.jpg 300w, https:\/\/www.autoescolasantfeliu.com\/wp-content\/uploads\/2022\/11\/Autoescola-Sant-Feliu-Blog-Conduir-amb-abric-768x512.jpg 768w\" sizes=\"(max-width: 900px) 100vw, 900px\" \/><\/a><\/p>","protected":false},"excerpt":{"rendered":"<p style=\"text-align: justify;\">\u00bfConduces con el abrigo puesto? Atenci\u00f3n, \u00a1puede tener consecuencias!<\/p>\n<p style=\"text-align: justify;\">Bajan las temperaturas y, sobre todo en trayectos cortos, es habitual que no nos quitemos el abrigo para conducir. Pero&#8230; cuidado porque esta pr\u00e1ctica no es recomendable para conducir y\u00a0<strong>puede incluso llevar multas<\/strong>.<\/p>\n","protected":false},"author":1,"featured_media":1779,"comment_status":"closed","ping_status":"closed","sticky":false,"template":"","format":"standard","meta":{"footnotes":""},"categories":[1],"tags":[],"class_list":["post-1778","post","type-post","status-publish","format-standard","has-post-thumbnail","hentry","category-news"],"yoast_head":"<!-- This site is optimized with the Yoast SEO plugin v27.5 - https:\/\/yoast.com\/product\/yoast-seo-wordpress\/ -->\n<title>Conducir con el abrigo puesto - Autoescola Sant Feliu<\/title>\n<meta name=\"description\" content=\"Condueixes amb l&#039;abric posat? Compte, perqu\u00e8 aquesta pr\u00e0ctica no \u00e9s recomanable per a conduir i pot fins i tot portar multes.\" \/>\n<meta name=\"robots\" content=\"index, follow, max-snippet:-1, max-image-preview:large, max-video-preview:-1\" \/>\n<link rel=\"canonical\" href=\"https:\/\/www.autoescolasantfeliu.com\/conduir-amb-labric-posat\/\" \/>\n<meta property=\"og:locale\" content=\"es_ES\" \/>\n<meta property=\"og:type\" content=\"article\" \/>\n<meta property=\"og:title\" content=\"[:ca]Conduir amb l&#039;abric posat[:es]Conducir con el abrigo puesto[:] - Autoescola Sant Feliu\" \/>\n<meta property=\"og:description\" content=\"Condueixes amb l&#039;abric posat? Compte, perqu\u00e8 aquesta pr\u00e0ctica no \u00e9s recomanable per a conduir i pot fins i tot portar multes.\" \/>\n<meta property=\"og:url\" content=\"https:\/\/www.autoescolasantfeliu.com\/conduir-amb-labric-posat\/\" \/>\n<meta property=\"og:site_name\" content=\"Autoescola Sant Feliu\" \/>\n<meta property=\"article:publisher\" content=\"https:\/\/www.facebook.com\/autoescolastfeliu\/?ref=br_rs\" \/>\n<meta property=\"article:published_time\" content=\"2022-11-22T16:49:14+00:00\" \/>\n<meta property=\"article:modified_time\" content=\"2022-11-22T16:50:32+00:00\" \/>\n<meta property=\"og:image\" content=\"https:\/\/www.autoescolasantfeliu.com\/wp-content\/uploads\/2022\/11\/Autoescola-Sant-Feliu-Blog-Conduir-amb-abric.jpg\" \/>\n\t<meta property=\"og:image:width\" content=\"900\" \/>\n\t<meta property=\"og:image:height\" content=\"600\" \/>\n\t<meta property=\"og:image:type\" content=\"image\/jpeg\" \/>\n<meta name=\"author\" content=\"Autoescola Sant Feliu\" \/>\n<meta name=\"twitter:card\" content=\"summary_large_image\" \/>\n<meta name=\"twitter:label1\" content=\"Escrito por\" \/>\n\t<meta name=\"twitter:data1\" content=\"Autoescola Sant Feliu\" \/>\n\t<meta name=\"twitter:label2\" content=\"Tiempo de lectura\" \/>\n\t<meta name=\"twitter:data2\" content=\"2 minutos\" \/>\n<script type=\"application\/ld+json\" class=\"yoast-schema-graph\">{\"@context\":\"https:\\\/\\\/schema.org\",\"@graph\":[{\"@type\":\"Article\",\"@id\":\"https:\\\/\\\/www.autoescolasantfeliu.com\\\/conduir-amb-labric-posat\\\/#article\",\"isPartOf\":{\"@id\":\"https:\\\/\\\/www.autoescolasantfeliu.com\\\/conduir-amb-labric-posat\\\/\"},\"author\":{\"name\":\"Autoescola Sant Feliu\",\"@id\":\"https:\\\/\\\/www.autoescolasantfeliu.com\\\/#\\\/schema\\\/person\\\/e215cfaecdd132a6fe01e728f517c13b\"},\"headline\":\"Conducir con el abrigo puesto\",\"datePublished\":\"2022-11-22T16:49:14+00:00\",\"dateModified\":\"2022-11-22T16:50:32+00:00\",\"mainEntityOfPage\":{\"@id\":\"https:\\\/\\\/www.autoescolasantfeliu.com\\\/conduir-amb-labric-posat\\\/\"},\"wordCount\":611,\"publisher\":{\"@id\":\"https:\\\/\\\/www.autoescolasantfeliu.com\\\/#organization\"},\"image\":{\"@id\":\"https:\\\/\\\/www.autoescolasantfeliu.com\\\/conduir-amb-labric-posat\\\/#primaryimage\"},\"thumbnailUrl\":\"https:\\\/\\\/www.autoescolasantfeliu.com\\\/wp-content\\\/uploads\\\/2022\\\/11\\\/Autoescola-Sant-Feliu-Blog-Conduir-amb-abric.jpg\",\"articleSection\":[\"Noticias\"],\"inLanguage\":\"es\"},{\"@type\":\"WebPage\",\"@id\":\"https:\\\/\\\/www.autoescolasantfeliu.com\\\/conduir-amb-labric-posat\\\/\",\"url\":\"https:\\\/\\\/www.autoescolasantfeliu.com\\\/conduir-amb-labric-posat\\\/\",\"name\":\"[:ca]Conduir amb l'abric posat[:es]Conducir con el abrigo puesto[:] - Autoescola Sant Feliu\",\"isPartOf\":{\"@id\":\"https:\\\/\\\/www.autoescolasantfeliu.com\\\/#website\"},\"primaryImageOfPage\":{\"@id\":\"https:\\\/\\\/www.autoescolasantfeliu.com\\\/conduir-amb-labric-posat\\\/#primaryimage\"},\"image\":{\"@id\":\"https:\\\/\\\/www.autoescolasantfeliu.com\\\/conduir-amb-labric-posat\\\/#primaryimage\"},\"thumbnailUrl\":\"https:\\\/\\\/www.autoescolasantfeliu.com\\\/wp-content\\\/uploads\\\/2022\\\/11\\\/Autoescola-Sant-Feliu-Blog-Conduir-amb-abric.jpg\",\"datePublished\":\"2022-11-22T16:49:14+00:00\",\"dateModified\":\"2022-11-22T16:50:32+00:00\",\"description\":\"Condueixes amb l'abric posat? Compte, perqu\u00e8 aquesta pr\u00e0ctica no \u00e9s recomanable per a conduir i pot fins i tot portar multes.\",\"breadcrumb\":{\"@id\":\"https:\\\/\\\/www.autoescolasantfeliu.com\\\/conduir-amb-labric-posat\\\/#breadcrumb\"},\"inLanguage\":\"es\",\"potentialAction\":[{\"@type\":\"ReadAction\",\"target\":[\"https:\\\/\\\/www.autoescolasantfeliu.com\\\/conduir-amb-labric-posat\\\/\"]}]},{\"@type\":\"ImageObject\",\"inLanguage\":\"es\",\"@id\":\"https:\\\/\\\/www.autoescolasantfeliu.com\\\/conduir-amb-labric-posat\\\/#primaryimage\",\"url\":\"https:\\\/\\\/www.autoescolasantfeliu.com\\\/wp-content\\\/uploads\\\/2022\\\/11\\\/Autoescola-Sant-Feliu-Blog-Conduir-amb-abric.jpg\",\"contentUrl\":\"https:\\\/\\\/www.autoescolasantfeliu.com\\\/wp-content\\\/uploads\\\/2022\\\/11\\\/Autoescola-Sant-Feliu-Blog-Conduir-amb-abric.jpg\",\"width\":900,\"height\":600,\"caption\":\"Autoescola Sant Feliu - Blog - Conduir amb abric\"},{\"@type\":\"BreadcrumbList\",\"@id\":\"https:\\\/\\\/www.autoescolasantfeliu.com\\\/conduir-amb-labric-posat\\\/#breadcrumb\",\"itemListElement\":[{\"@type\":\"ListItem\",\"position\":1,\"name\":\"Portada\",\"item\":\"https:\\\/\\\/www.autoescolasantfeliu.com\\\/\"},{\"@type\":\"ListItem\",\"position\":2,\"name\":\"Conducir con el abrigo puesto\"}]},{\"@type\":\"WebSite\",\"@id\":\"https:\\\/\\\/www.autoescolasantfeliu.com\\\/#website\",\"url\":\"https:\\\/\\\/www.autoescolasantfeliu.com\\\/\",\"name\":\"Autoescola Sant Feliu\",\"description\":\"Autoescola Sant Feliu\",\"publisher\":{\"@id\":\"https:\\\/\\\/www.autoescolasantfeliu.com\\\/#organization\"},\"potentialAction\":[{\"@type\":\"SearchAction\",\"target\":{\"@type\":\"EntryPoint\",\"urlTemplate\":\"https:\\\/\\\/www.autoescolasantfeliu.com\\\/?s={search_term_string}\"},\"query-input\":{\"@type\":\"PropertyValueSpecification\",\"valueRequired\":true,\"valueName\":\"search_term_string\"}}],\"inLanguage\":\"es\"},{\"@type\":\"Organization\",\"@id\":\"https:\\\/\\\/www.autoescolasantfeliu.com\\\/#organization\",\"name\":\"Autoescola Sant Feliu\",\"url\":\"https:\\\/\\\/www.autoescolasantfeliu.com\\\/\",\"logo\":{\"@type\":\"ImageObject\",\"inLanguage\":\"es\",\"@id\":\"https:\\\/\\\/www.autoescolasantfeliu.com\\\/#\\\/schema\\\/logo\\\/image\\\/\",\"url\":\"https:\\\/\\\/www.autoescolasantfeliu.com\\\/wp-content\\\/uploads\\\/2018\\\/11\\\/Autoescola-Sant-Feliu-Logo.png\",\"contentUrl\":\"https:\\\/\\\/www.autoescolasantfeliu.com\\\/wp-content\\\/uploads\\\/2018\\\/11\\\/Autoescola-Sant-Feliu-Logo.png\",\"width\":450,\"height\":65,\"caption\":\"Autoescola Sant Feliu\"},\"image\":{\"@id\":\"https:\\\/\\\/www.autoescolasantfeliu.com\\\/#\\\/schema\\\/logo\\\/image\\\/\"},\"sameAs\":[\"https:\\\/\\\/www.facebook.com\\\/autoescolastfeliu\\\/?ref=br_rs\",\"https:\\\/\\\/www.instagram.com\\\/autoescolasantfeliuaesf\\\/\"]},{\"@type\":\"Person\",\"@id\":\"https:\\\/\\\/www.autoescolasantfeliu.com\\\/#\\\/schema\\\/person\\\/e215cfaecdd132a6fe01e728f517c13b\",\"name\":\"Autoescola Sant Feliu\"}]}<\/script>\n<!-- \/ Yoast SEO plugin. -->","yoast_head_json":{"title":"[:ca]Conduir amb l'abric posat[:es]Conducir con el abrigo puesto[:] - Autoescola Sant Feliu","description":"Condueixes amb l'abric posat? Compte, perqu\u00e8 aquesta pr\u00e0ctica no \u00e9s recomanable per a conduir i pot fins i tot portar multes.","robots":{"index":"index","follow":"follow","max-snippet":"max-snippet:-1","max-image-preview":"max-image-preview:large","max-video-preview":"max-video-preview:-1"},"canonical":"https:\/\/www.autoescolasantfeliu.com\/conduir-amb-labric-posat\/","og_locale":"es_ES","og_type":"article","og_title":"[:ca]Conduir amb l'abric posat[:es]Conducir con el abrigo puesto[:] - Autoescola Sant Feliu","og_description":"Condueixes amb l'abric posat? Compte, perqu\u00e8 aquesta pr\u00e0ctica no \u00e9s recomanable per a conduir i pot fins i tot portar multes.","og_url":"https:\/\/www.autoescolasantfeliu.com\/conduir-amb-labric-posat\/","og_site_name":"Autoescola Sant Feliu","article_publisher":"https:\/\/www.facebook.com\/autoescolastfeliu\/?ref=br_rs","article_published_time":"2022-11-22T16:49:14+00:00","article_modified_time":"2022-11-22T16:50:32+00:00","og_image":[{"width":900,"height":600,"url":"https:\/\/www.autoescolasantfeliu.com\/wp-content\/uploads\/2022\/11\/Autoescola-Sant-Feliu-Blog-Conduir-amb-abric.jpg","type":"image\/jpeg"}],"author":"Autoescola Sant Feliu","twitter_card":"summary_large_image","twitter_misc":{"Escrito por":"Autoescola Sant Feliu","Tiempo de lectura":"2 minutos"},"schema":{"@context":"https:\/\/schema.org","@graph":[{"@type":"Article","@id":"https:\/\/www.autoescolasantfeliu.com\/conduir-amb-labric-posat\/#article","isPartOf":{"@id":"https:\/\/www.autoescolasantfeliu.com\/conduir-amb-labric-posat\/"},"author":{"name":"Autoescola Sant Feliu","@id":"https:\/\/www.autoescolasantfeliu.com\/#\/schema\/person\/e215cfaecdd132a6fe01e728f517c13b"},"headline":"Conducir con el abrigo puesto","datePublished":"2022-11-22T16:49:14+00:00","dateModified":"2022-11-22T16:50:32+00:00","mainEntityOfPage":{"@id":"https:\/\/www.autoescolasantfeliu.com\/conduir-amb-labric-posat\/"},"wordCount":611,"publisher":{"@id":"https:\/\/www.autoescolasantfeliu.com\/#organization"},"image":{"@id":"https:\/\/www.autoescolasantfeliu.com\/conduir-amb-labric-posat\/#primaryimage"},"thumbnailUrl":"https:\/\/www.autoescolasantfeliu.com\/wp-content\/uploads\/2022\/11\/Autoescola-Sant-Feliu-Blog-Conduir-amb-abric.jpg","articleSection":["Noticias"],"inLanguage":"es"},{"@type":"WebPage","@id":"https:\/\/www.autoescolasantfeliu.com\/conduir-amb-labric-posat\/","url":"https:\/\/www.autoescolasantfeliu.com\/conduir-amb-labric-posat\/","name":"[:ca]Conduir amb l'abric posat[:es]Conducir con el abrigo puesto[:] - Autoescola Sant Feliu","isPartOf":{"@id":"https:\/\/www.autoescolasantfeliu.com\/#website"},"primaryImageOfPage":{"@id":"https:\/\/www.autoescolasantfeliu.com\/conduir-amb-labric-posat\/#primaryimage"},"image":{"@id":"https:\/\/www.autoescolasantfeliu.com\/conduir-amb-labric-posat\/#primaryimage"},"thumbnailUrl":"https:\/\/www.autoescolasantfeliu.com\/wp-content\/uploads\/2022\/11\/Autoescola-Sant-Feliu-Blog-Conduir-amb-abric.jpg","datePublished":"2022-11-22T16:49:14+00:00","dateModified":"2022-11-22T16:50:32+00:00","description":"Condueixes amb l'abric posat? Compte, perqu\u00e8 aquesta pr\u00e0ctica no \u00e9s recomanable per a conduir i pot fins i tot portar multes.","breadcrumb":{"@id":"https:\/\/www.autoescolasantfeliu.com\/conduir-amb-labric-posat\/#breadcrumb"},"inLanguage":"es","potentialAction":[{"@type":"ReadAction","target":["https:\/\/www.autoescolasantfeliu.com\/conduir-amb-labric-posat\/"]}]},{"@type":"ImageObject","inLanguage":"es","@id":"https:\/\/www.autoescolasantfeliu.com\/conduir-amb-labric-posat\/#primaryimage","url":"https:\/\/www.autoescolasantfeliu.com\/wp-content\/uploads\/2022\/11\/Autoescola-Sant-Feliu-Blog-Conduir-amb-abric.jpg","contentUrl":"https:\/\/www.autoescolasantfeliu.com\/wp-content\/uploads\/2022\/11\/Autoescola-Sant-Feliu-Blog-Conduir-amb-abric.jpg","width":900,"height":600,"caption":"Autoescola Sant Feliu - Blog - Conduir amb abric"},{"@type":"BreadcrumbList","@id":"https:\/\/www.autoescolasantfeliu.com\/conduir-amb-labric-posat\/#breadcrumb","itemListElement":[{"@type":"ListItem","position":1,"name":"Portada","item":"https:\/\/www.autoescolasantfeliu.com\/"},{"@type":"ListItem","position":2,"name":"Conducir con el abrigo puesto"}]},{"@type":"WebSite","@id":"https:\/\/www.autoescolasantfeliu.com\/#website","url":"https:\/\/www.autoescolasantfeliu.com\/","name":"Autoescola Sant Feliu","description":"Autoescola Sant Feliu","publisher":{"@id":"https:\/\/www.autoescolasantfeliu.com\/#organization"},"potentialAction":[{"@type":"SearchAction","target":{"@type":"EntryPoint","urlTemplate":"https:\/\/www.autoescolasantfeliu.com\/?s={search_term_string}"},"query-input":{"@type":"PropertyValueSpecification","valueRequired":true,"valueName":"search_term_string"}}],"inLanguage":"es"},{"@type":"Organization","@id":"https:\/\/www.autoescolasantfeliu.com\/#organization","name":"Autoescola Sant Feliu","url":"https:\/\/www.autoescolasantfeliu.com\/","logo":{"@type":"ImageObject","inLanguage":"es","@id":"https:\/\/www.autoescolasantfeliu.com\/#\/schema\/logo\/image\/","url":"https:\/\/www.autoescolasantfeliu.com\/wp-content\/uploads\/2018\/11\/Autoescola-Sant-Feliu-Logo.png","contentUrl":"https:\/\/www.autoescolasantfeliu.com\/wp-content\/uploads\/2018\/11\/Autoescola-Sant-Feliu-Logo.png","width":450,"height":65,"caption":"Autoescola Sant Feliu"},"image":{"@id":"https:\/\/www.autoescolasantfeliu.com\/#\/schema\/logo\/image\/"},"sameAs":["https:\/\/www.facebook.com\/autoescolastfeliu\/?ref=br_rs","https:\/\/www.instagram.com\/autoescolasantfeliuaesf\/"]},{"@type":"Person","@id":"https:\/\/www.autoescolasantfeliu.com\/#\/schema\/person\/e215cfaecdd132a6fe01e728f517c13b","name":"Autoescola Sant Feliu"}]}},"_links":{"self":[{"href":"https:\/\/www.autoescolasantfeliu.com\/es\/wp-json\/wp\/v2\/posts\/1778","targetHints":{"allow":["GET"]}}],"collection":[{"href":"https:\/\/www.autoescolasantfeliu.com\/es\/wp-json\/wp\/v2\/posts"}],"about":[{"href":"https:\/\/www.autoescolasantfeliu.com\/es\/wp-json\/wp\/v2\/types\/post"}],"author":[{"embeddable":true,"href":"https:\/\/www.autoescolasantfeliu.com\/es\/wp-json\/wp\/v2\/users\/1"}],"replies":[{"embeddable":true,"href":"https:\/\/www.autoescolasantfeliu.com\/es\/wp-json\/wp\/v2\/comments?post=1778"}],"version-history":[{"count":0,"href":"https:\/\/www.autoescolasantfeliu.com\/es\/wp-json\/wp\/v2\/posts\/1778\/revisions"}],"wp:featuredmedia":[{"embeddable":true,"href":"https:\/\/www.autoescolasantfeliu.com\/es\/wp-json\/wp\/v2\/media\/1779"}],"wp:attachment":[{"href":"https:\/\/www.autoescolasantfeliu.com\/es\/wp-json\/wp\/v2\/media?parent=1778"}],"wp:term":[{"taxonomy":"category","embeddable":true,"href":"https:\/\/www.autoescolasantfeliu.com\/es\/wp-json\/wp\/v2\/categories?post=1778"},{"taxonomy":"post_tag","embeddable":true,"href":"https:\/\/www.autoescolasantfeliu.com\/es\/wp-json\/wp\/v2\/tags?post=1778"}],"curies":[{"name":"wp","href":"https:\/\/api.w.org\/{rel}","templated":true}]}}