{"id":1766,"date":"2022-10-27T22:07:43","date_gmt":"2022-10-27T20:07:43","guid":{"rendered":"https:\/\/www.autoescolasantfeliu.com\/?p=1766"},"modified":"2022-10-27T22:13:16","modified_gmt":"2022-10-27T20:13:16","slug":"coneixes-les-etiquetes-ambientals-de-la-dgt","status":"publish","type":"post","link":"https:\/\/www.autoescolasantfeliu.com\/es\/coneixes-les-etiquetes-ambientals-de-la-dgt\/","title":{"rendered":"\u00bfConoces las etiquetas ambientales de la DGT?"},"content":{"rendered":"<p>En orden de menor a mayor contaminaci\u00f3n, son las siguientes:<\/p>\n<ul>\n<li style=\"text-align: justify;\"><strong>Etiqueta 0 emisiones:<\/strong><br \/>\nDe color azul, identifica a los veh\u00edculos m\u00e1s eficientes, los el\u00e9ctricos y los h\u00edbridos enchufables.<\/li>\n<li style=\"text-align: justify;\"><strong>Etiqueta ECO<\/strong>:<br \/>\nEn su mayor\u00eda son veh\u00edculos de gas, h\u00edbridos o ambos.<\/li>\n<li style=\"text-align: justify;\"><strong>Etiqueta C:<br \/>\n<\/strong>De color verde, incluye coches y furgonetas de gasolina matriculados despu\u00e9s de enero de 2006, y los de di\u00e9sel matriculados despu\u00e9s de enero de 2015.<\/li>\n<li style=\"text-align: justify;\"><strong>Etiqueta B:<br \/>\n<\/strong>De color amarillo, incluye a coches y furgonetas de gasolina matriculados desde enero de 2001, y los de di\u00e9sel matriculados a partir de enero de 2006.<\/li>\n<li style=\"text-align: justify;\"><strong>Sin etiqueta (o etiqueta A):<br \/>\n<\/strong>El resto de los veh\u00edculos, los de gasolina anteriores a 2001 y los de gasoil anteriores a 2006, son considerados como muy contaminantes y no pueden portar etiqueta de la DGT. Estos son los considerados m\u00e1s antiguos y contaminantes y actualmente <strong>no pueden acceder a las \u00e1reas metropolitanas de Madrid y Barcelona<\/strong>.<\/li>\n<\/ul>\n<h3>Seg\u00fan estos\u00a0distintivos, se puede saber cu\u00e1les son considerados contaminantes o no y cu\u00e1les son sus\u00a0restricciones<\/h3>\n<p><strong>\u00a1Muy importante!<\/strong><\/p>\n<p style=\"text-align: justify;\">A partir de 2023 se recomienda\u00a0consultar con antelaci\u00f3n la informaci\u00f3n sobre\u00a0movilidad\u00a0y contaminaci\u00f3n de la localidad a la que se piense entrar con el veh\u00edculo privado.<\/p>\n<p style=\"text-align: justify;\"><strong>\u00bfTienes dudas?<\/strong> <a href=\"https:\/\/www.autoescolasantfeliu.com\/contacte\/\">\u00a1Cons\u00faltanos!<\/a> Te informaremos, para que puedas circular bien tranquilo all\u00e1 donde vayas.<\/p>\n<p><img decoding=\"async\" class=\"aligncenter wp-image-1772 size-full\" title=\"Autoescola Sant Feliu - Blog - Etiquetas ambientales de la DGT\" src=\"https:\/\/www.autoescolasantfeliu.com\/wp-content\/uploads\/2022\/10\/Autoescola-Sant-Feliu-Blog-Etiquetes-ambientals-de-la-DGT.webp\" alt=\"Autoescola Sant Feliu - Blog - Etiquetas ambientales de la DGT\" width=\"1200\" height=\"795\" srcset=\"https:\/\/www.autoescolasantfeliu.com\/wp-content\/uploads\/2022\/10\/Autoescola-Sant-Feliu-Blog-Etiquetes-ambientals-de-la-DGT.webp 1200w, https:\/\/www.autoescolasantfeliu.com\/wp-content\/uploads\/2022\/10\/Autoescola-Sant-Feliu-Blog-Etiquetes-ambientals-de-la-DGT-300x199.webp 300w, https:\/\/www.autoescolasantfeliu.com\/wp-content\/uploads\/2022\/10\/Autoescola-Sant-Feliu-Blog-Etiquetes-ambientals-de-la-DGT-1024x678.webp 1024w, https:\/\/www.autoescolasantfeliu.com\/wp-content\/uploads\/2022\/10\/Autoescola-Sant-Feliu-Blog-Etiquetes-ambientals-de-la-DGT-768x509.webp 768w\" sizes=\"(max-width: 1200px) 100vw, 1200px\" \/><\/p>","protected":false},"excerpt":{"rendered":"<p style=\"text-align: justify;\">Seg\u00fan estos\u00a0distintivos, se puede saber cu\u00e1les son considerados contaminantes o no y cu\u00e1les son sus\u00a0restricciones<\/p>\n<p style=\"text-align: justify;\">A partir de 2023 se recomienda\u00a0consultar con antelaci\u00f3n la informaci\u00f3n sobre\u00a0movilidad\u00a0y contaminaci\u00f3n de la localidad a la que se piense entrar con el veh\u00edculo privado.<\/p>\n","protected":false},"author":1,"featured_media":1772,"comment_status":"closed","ping_status":"closed","sticky":false,"template":"","format":"standard","meta":{"footnotes":""},"categories":[1],"tags":[],"class_list":["post-1766","post","type-post","status-publish","format-standard","has-post-thumbnail","hentry","category-news"],"yoast_head":"<!-- This site is optimized with the Yoast SEO plugin v27.5 - https:\/\/yoast.com\/product\/yoast-seo-wordpress\/ -->\n<title>\u00bfConoces las etiquetas ambientales de la DGT? - Autoescola Sant Feliu<\/title>\n<meta name=\"description\" content=\"Segons aquests distintius, es pot saber quins s\u00f3n considerats contaminants o no i quines s\u00f3n les seves restriccions.\" \/>\n<meta name=\"robots\" content=\"index, follow, max-snippet:-1, max-image-preview:large, max-video-preview:-1\" \/>\n<link rel=\"canonical\" href=\"https:\/\/www.autoescolasantfeliu.com\/coneixes-les-etiquetes-ambientals-de-la-dgt\/\" \/>\n<meta property=\"og:locale\" content=\"es_ES\" \/>\n<meta property=\"og:type\" content=\"article\" \/>\n<meta property=\"og:title\" content=\"[:ca]Coneixes les etiquetes ambientals de la DGT?[:es]\u00bfConoces las etiquetas ambientales de la DGT?[:] - Autoescola Sant Feliu\" \/>\n<meta property=\"og:description\" content=\"Segons aquests distintius, es pot saber quins s\u00f3n considerats contaminants o no i quines s\u00f3n les seves restriccions.\" \/>\n<meta property=\"og:url\" content=\"https:\/\/www.autoescolasantfeliu.com\/coneixes-les-etiquetes-ambientals-de-la-dgt\/\" \/>\n<meta property=\"og:site_name\" content=\"Autoescola Sant Feliu\" \/>\n<meta property=\"article:publisher\" content=\"https:\/\/www.facebook.com\/autoescolastfeliu\/?ref=br_rs\" \/>\n<meta property=\"article:published_time\" content=\"2022-10-27T20:07:43+00:00\" \/>\n<meta property=\"article:modified_time\" content=\"2022-10-27T20:13:16+00:00\" \/>\n<meta property=\"og:image\" content=\"https:\/\/www.autoescolasantfeliu.com\/wp-content\/uploads\/2022\/10\/Autoescola-Sant-Feliu-Blog-Etiquetes-ambientals-de-la-DGT.webp\" \/>\n\t<meta property=\"og:image:width\" content=\"1200\" \/>\n\t<meta property=\"og:image:height\" content=\"795\" \/>\n\t<meta property=\"og:image:type\" content=\"image\/webp\" \/>\n<meta name=\"author\" content=\"Autoescola Sant Feliu\" \/>\n<meta name=\"twitter:card\" content=\"summary_large_image\" \/>\n<meta name=\"twitter:label1\" content=\"Escrito por\" \/>\n\t<meta name=\"twitter:data1\" content=\"Autoescola Sant Feliu\" \/>\n\t<meta name=\"twitter:label2\" content=\"Tiempo de lectura\" \/>\n\t<meta name=\"twitter:data2\" content=\"2 minutos\" \/>\n<script type=\"application\/ld+json\" class=\"yoast-schema-graph\">{\"@context\":\"https:\\\/\\\/schema.org\",\"@graph\":[{\"@type\":\"Article\",\"@id\":\"https:\\\/\\\/www.autoescolasantfeliu.com\\\/coneixes-les-etiquetes-ambientals-de-la-dgt\\\/#article\",\"isPartOf\":{\"@id\":\"https:\\\/\\\/www.autoescolasantfeliu.com\\\/coneixes-les-etiquetes-ambientals-de-la-dgt\\\/\"},\"author\":{\"name\":\"Autoescola Sant Feliu\",\"@id\":\"https:\\\/\\\/www.autoescolasantfeliu.com\\\/#\\\/schema\\\/person\\\/e215cfaecdd132a6fe01e728f517c13b\"},\"headline\":\"\u00bfConoces las etiquetas ambientales de la DGT?\",\"datePublished\":\"2022-10-27T20:07:43+00:00\",\"dateModified\":\"2022-10-27T20:13:16+00:00\",\"mainEntityOfPage\":{\"@id\":\"https:\\\/\\\/www.autoescolasantfeliu.com\\\/coneixes-les-etiquetes-ambientals-de-la-dgt\\\/\"},\"wordCount\":469,\"publisher\":{\"@id\":\"https:\\\/\\\/www.autoescolasantfeliu.com\\\/#organization\"},\"image\":{\"@id\":\"https:\\\/\\\/www.autoescolasantfeliu.com\\\/coneixes-les-etiquetes-ambientals-de-la-dgt\\\/#primaryimage\"},\"thumbnailUrl\":\"https:\\\/\\\/www.autoescolasantfeliu.com\\\/wp-content\\\/uploads\\\/2022\\\/10\\\/Autoescola-Sant-Feliu-Blog-Etiquetes-ambientals-de-la-DGT.webp\",\"articleSection\":[\"Noticias\"],\"inLanguage\":\"es\"},{\"@type\":\"WebPage\",\"@id\":\"https:\\\/\\\/www.autoescolasantfeliu.com\\\/coneixes-les-etiquetes-ambientals-de-la-dgt\\\/\",\"url\":\"https:\\\/\\\/www.autoescolasantfeliu.com\\\/coneixes-les-etiquetes-ambientals-de-la-dgt\\\/\",\"name\":\"[:ca]Coneixes les etiquetes ambientals de la DGT?[:es]\u00bfConoces las etiquetas ambientales de la DGT?[:] - Autoescola Sant Feliu\",\"isPartOf\":{\"@id\":\"https:\\\/\\\/www.autoescolasantfeliu.com\\\/#website\"},\"primaryImageOfPage\":{\"@id\":\"https:\\\/\\\/www.autoescolasantfeliu.com\\\/coneixes-les-etiquetes-ambientals-de-la-dgt\\\/#primaryimage\"},\"image\":{\"@id\":\"https:\\\/\\\/www.autoescolasantfeliu.com\\\/coneixes-les-etiquetes-ambientals-de-la-dgt\\\/#primaryimage\"},\"thumbnailUrl\":\"https:\\\/\\\/www.autoescolasantfeliu.com\\\/wp-content\\\/uploads\\\/2022\\\/10\\\/Autoescola-Sant-Feliu-Blog-Etiquetes-ambientals-de-la-DGT.webp\",\"datePublished\":\"2022-10-27T20:07:43+00:00\",\"dateModified\":\"2022-10-27T20:13:16+00:00\",\"description\":\"Segons aquests distintius, es pot saber quins s\u00f3n considerats contaminants o no i quines s\u00f3n les seves restriccions.\",\"breadcrumb\":{\"@id\":\"https:\\\/\\\/www.autoescolasantfeliu.com\\\/coneixes-les-etiquetes-ambientals-de-la-dgt\\\/#breadcrumb\"},\"inLanguage\":\"es\",\"potentialAction\":[{\"@type\":\"ReadAction\",\"target\":[\"https:\\\/\\\/www.autoescolasantfeliu.com\\\/coneixes-les-etiquetes-ambientals-de-la-dgt\\\/\"]}]},{\"@type\":\"ImageObject\",\"inLanguage\":\"es\",\"@id\":\"https:\\\/\\\/www.autoescolasantfeliu.com\\\/coneixes-les-etiquetes-ambientals-de-la-dgt\\\/#primaryimage\",\"url\":\"https:\\\/\\\/www.autoescolasantfeliu.com\\\/wp-content\\\/uploads\\\/2022\\\/10\\\/Autoescola-Sant-Feliu-Blog-Etiquetes-ambientals-de-la-DGT.webp\",\"contentUrl\":\"https:\\\/\\\/www.autoescolasantfeliu.com\\\/wp-content\\\/uploads\\\/2022\\\/10\\\/Autoescola-Sant-Feliu-Blog-Etiquetes-ambientals-de-la-DGT.webp\",\"width\":1200,\"height\":795,\"caption\":\"Autoescola Sant Feliu - Blog - Etiquetes ambientals de la DGT\"},{\"@type\":\"BreadcrumbList\",\"@id\":\"https:\\\/\\\/www.autoescolasantfeliu.com\\\/coneixes-les-etiquetes-ambientals-de-la-dgt\\\/#breadcrumb\",\"itemListElement\":[{\"@type\":\"ListItem\",\"position\":1,\"name\":\"Portada\",\"item\":\"https:\\\/\\\/www.autoescolasantfeliu.com\\\/\"},{\"@type\":\"ListItem\",\"position\":2,\"name\":\"\u00bfConoces las etiquetas ambientales de la DGT?\"}]},{\"@type\":\"WebSite\",\"@id\":\"https:\\\/\\\/www.autoescolasantfeliu.com\\\/#website\",\"url\":\"https:\\\/\\\/www.autoescolasantfeliu.com\\\/\",\"name\":\"Autoescola Sant Feliu\",\"description\":\"Autoescola Sant Feliu\",\"publisher\":{\"@id\":\"https:\\\/\\\/www.autoescolasantfeliu.com\\\/#organization\"},\"potentialAction\":[{\"@type\":\"SearchAction\",\"target\":{\"@type\":\"EntryPoint\",\"urlTemplate\":\"https:\\\/\\\/www.autoescolasantfeliu.com\\\/?s={search_term_string}\"},\"query-input\":{\"@type\":\"PropertyValueSpecification\",\"valueRequired\":true,\"valueName\":\"search_term_string\"}}],\"inLanguage\":\"es\"},{\"@type\":\"Organization\",\"@id\":\"https:\\\/\\\/www.autoescolasantfeliu.com\\\/#organization\",\"name\":\"Autoescola Sant Feliu\",\"url\":\"https:\\\/\\\/www.autoescolasantfeliu.com\\\/\",\"logo\":{\"@type\":\"ImageObject\",\"inLanguage\":\"es\",\"@id\":\"https:\\\/\\\/www.autoescolasantfeliu.com\\\/#\\\/schema\\\/logo\\\/image\\\/\",\"url\":\"https:\\\/\\\/www.autoescolasantfeliu.com\\\/wp-content\\\/uploads\\\/2018\\\/11\\\/Autoescola-Sant-Feliu-Logo.png\",\"contentUrl\":\"https:\\\/\\\/www.autoescolasantfeliu.com\\\/wp-content\\\/uploads\\\/2018\\\/11\\\/Autoescola-Sant-Feliu-Logo.png\",\"width\":450,\"height\":65,\"caption\":\"Autoescola Sant Feliu\"},\"image\":{\"@id\":\"https:\\\/\\\/www.autoescolasantfeliu.com\\\/#\\\/schema\\\/logo\\\/image\\\/\"},\"sameAs\":[\"https:\\\/\\\/www.facebook.com\\\/autoescolastfeliu\\\/?ref=br_rs\",\"https:\\\/\\\/www.instagram.com\\\/autoescolasantfeliuaesf\\\/\"]},{\"@type\":\"Person\",\"@id\":\"https:\\\/\\\/www.autoescolasantfeliu.com\\\/#\\\/schema\\\/person\\\/e215cfaecdd132a6fe01e728f517c13b\",\"name\":\"Autoescola Sant Feliu\"}]}<\/script>\n<!-- \/ Yoast SEO plugin. -->","yoast_head_json":{"title":"[:ca]Coneixes les etiquetes ambientals de la DGT?[:es]\u00bfConoces las etiquetas ambientales de la DGT?[:] - Autoescola Sant Feliu","description":"Segons aquests distintius, es pot saber quins s\u00f3n considerats contaminants o no i quines s\u00f3n les seves restriccions.","robots":{"index":"index","follow":"follow","max-snippet":"max-snippet:-1","max-image-preview":"max-image-preview:large","max-video-preview":"max-video-preview:-1"},"canonical":"https:\/\/www.autoescolasantfeliu.com\/coneixes-les-etiquetes-ambientals-de-la-dgt\/","og_locale":"es_ES","og_type":"article","og_title":"[:ca]Coneixes les etiquetes ambientals de la DGT?[:es]\u00bfConoces las etiquetas ambientales de la DGT?[:] - Autoescola Sant Feliu","og_description":"Segons aquests distintius, es pot saber quins s\u00f3n considerats contaminants o no i quines s\u00f3n les seves restriccions.","og_url":"https:\/\/www.autoescolasantfeliu.com\/coneixes-les-etiquetes-ambientals-de-la-dgt\/","og_site_name":"Autoescola Sant Feliu","article_publisher":"https:\/\/www.facebook.com\/autoescolastfeliu\/?ref=br_rs","article_published_time":"2022-10-27T20:07:43+00:00","article_modified_time":"2022-10-27T20:13:16+00:00","og_image":[{"width":1200,"height":795,"url":"https:\/\/www.autoescolasantfeliu.com\/wp-content\/uploads\/2022\/10\/Autoescola-Sant-Feliu-Blog-Etiquetes-ambientals-de-la-DGT.webp","type":"image\/webp"}],"author":"Autoescola Sant Feliu","twitter_card":"summary_large_image","twitter_misc":{"Escrito por":"Autoescola Sant Feliu","Tiempo de lectura":"2 minutos"},"schema":{"@context":"https:\/\/schema.org","@graph":[{"@type":"Article","@id":"https:\/\/www.autoescolasantfeliu.com\/coneixes-les-etiquetes-ambientals-de-la-dgt\/#article","isPartOf":{"@id":"https:\/\/www.autoescolasantfeliu.com\/coneixes-les-etiquetes-ambientals-de-la-dgt\/"},"author":{"name":"Autoescola Sant Feliu","@id":"https:\/\/www.autoescolasantfeliu.com\/#\/schema\/person\/e215cfaecdd132a6fe01e728f517c13b"},"headline":"\u00bfConoces las etiquetas ambientales de la DGT?","datePublished":"2022-10-27T20:07:43+00:00","dateModified":"2022-10-27T20:13:16+00:00","mainEntityOfPage":{"@id":"https:\/\/www.autoescolasantfeliu.com\/coneixes-les-etiquetes-ambientals-de-la-dgt\/"},"wordCount":469,"publisher":{"@id":"https:\/\/www.autoescolasantfeliu.com\/#organization"},"image":{"@id":"https:\/\/www.autoescolasantfeliu.com\/coneixes-les-etiquetes-ambientals-de-la-dgt\/#primaryimage"},"thumbnailUrl":"https:\/\/www.autoescolasantfeliu.com\/wp-content\/uploads\/2022\/10\/Autoescola-Sant-Feliu-Blog-Etiquetes-ambientals-de-la-DGT.webp","articleSection":["Noticias"],"inLanguage":"es"},{"@type":"WebPage","@id":"https:\/\/www.autoescolasantfeliu.com\/coneixes-les-etiquetes-ambientals-de-la-dgt\/","url":"https:\/\/www.autoescolasantfeliu.com\/coneixes-les-etiquetes-ambientals-de-la-dgt\/","name":"[:ca]Coneixes les etiquetes ambientals de la DGT?[:es]\u00bfConoces las etiquetas ambientales de la DGT?[:] - Autoescola Sant Feliu","isPartOf":{"@id":"https:\/\/www.autoescolasantfeliu.com\/#website"},"primaryImageOfPage":{"@id":"https:\/\/www.autoescolasantfeliu.com\/coneixes-les-etiquetes-ambientals-de-la-dgt\/#primaryimage"},"image":{"@id":"https:\/\/www.autoescolasantfeliu.com\/coneixes-les-etiquetes-ambientals-de-la-dgt\/#primaryimage"},"thumbnailUrl":"https:\/\/www.autoescolasantfeliu.com\/wp-content\/uploads\/2022\/10\/Autoescola-Sant-Feliu-Blog-Etiquetes-ambientals-de-la-DGT.webp","datePublished":"2022-10-27T20:07:43+00:00","dateModified":"2022-10-27T20:13:16+00:00","description":"Segons aquests distintius, es pot saber quins s\u00f3n considerats contaminants o no i quines s\u00f3n les seves restriccions.","breadcrumb":{"@id":"https:\/\/www.autoescolasantfeliu.com\/coneixes-les-etiquetes-ambientals-de-la-dgt\/#breadcrumb"},"inLanguage":"es","potentialAction":[{"@type":"ReadAction","target":["https:\/\/www.autoescolasantfeliu.com\/coneixes-les-etiquetes-ambientals-de-la-dgt\/"]}]},{"@type":"ImageObject","inLanguage":"es","@id":"https:\/\/www.autoescolasantfeliu.com\/coneixes-les-etiquetes-ambientals-de-la-dgt\/#primaryimage","url":"https:\/\/www.autoescolasantfeliu.com\/wp-content\/uploads\/2022\/10\/Autoescola-Sant-Feliu-Blog-Etiquetes-ambientals-de-la-DGT.webp","contentUrl":"https:\/\/www.autoescolasantfeliu.com\/wp-content\/uploads\/2022\/10\/Autoescola-Sant-Feliu-Blog-Etiquetes-ambientals-de-la-DGT.webp","width":1200,"height":795,"caption":"Autoescola Sant Feliu - Blog - Etiquetes ambientals de la DGT"},{"@type":"BreadcrumbList","@id":"https:\/\/www.autoescolasantfeliu.com\/coneixes-les-etiquetes-ambientals-de-la-dgt\/#breadcrumb","itemListElement":[{"@type":"ListItem","position":1,"name":"Portada","item":"https:\/\/www.autoescolasantfeliu.com\/"},{"@type":"ListItem","position":2,"name":"\u00bfConoces las etiquetas ambientales de la DGT?"}]},{"@type":"WebSite","@id":"https:\/\/www.autoescolasantfeliu.com\/#website","url":"https:\/\/www.autoescolasantfeliu.com\/","name":"Autoescola Sant Feliu","description":"Autoescola Sant Feliu","publisher":{"@id":"https:\/\/www.autoescolasantfeliu.com\/#organization"},"potentialAction":[{"@type":"SearchAction","target":{"@type":"EntryPoint","urlTemplate":"https:\/\/www.autoescolasantfeliu.com\/?s={search_term_string}"},"query-input":{"@type":"PropertyValueSpecification","valueRequired":true,"valueName":"search_term_string"}}],"inLanguage":"es"},{"@type":"Organization","@id":"https:\/\/www.autoescolasantfeliu.com\/#organization","name":"Autoescola Sant Feliu","url":"https:\/\/www.autoescolasantfeliu.com\/","logo":{"@type":"ImageObject","inLanguage":"es","@id":"https:\/\/www.autoescolasantfeliu.com\/#\/schema\/logo\/image\/","url":"https:\/\/www.autoescolasantfeliu.com\/wp-content\/uploads\/2018\/11\/Autoescola-Sant-Feliu-Logo.png","contentUrl":"https:\/\/www.autoescolasantfeliu.com\/wp-content\/uploads\/2018\/11\/Autoescola-Sant-Feliu-Logo.png","width":450,"height":65,"caption":"Autoescola Sant Feliu"},"image":{"@id":"https:\/\/www.autoescolasantfeliu.com\/#\/schema\/logo\/image\/"},"sameAs":["https:\/\/www.facebook.com\/autoescolastfeliu\/?ref=br_rs","https:\/\/www.instagram.com\/autoescolasantfeliuaesf\/"]},{"@type":"Person","@id":"https:\/\/www.autoescolasantfeliu.com\/#\/schema\/person\/e215cfaecdd132a6fe01e728f517c13b","name":"Autoescola Sant Feliu"}]}},"_links":{"self":[{"href":"https:\/\/www.autoescolasantfeliu.com\/es\/wp-json\/wp\/v2\/posts\/1766","targetHints":{"allow":["GET"]}}],"collection":[{"href":"https:\/\/www.autoescolasantfeliu.com\/es\/wp-json\/wp\/v2\/posts"}],"about":[{"href":"https:\/\/www.autoescolasantfeliu.com\/es\/wp-json\/wp\/v2\/types\/post"}],"author":[{"embeddable":true,"href":"https:\/\/www.autoescolasantfeliu.com\/es\/wp-json\/wp\/v2\/users\/1"}],"replies":[{"embeddable":true,"href":"https:\/\/www.autoescolasantfeliu.com\/es\/wp-json\/wp\/v2\/comments?post=1766"}],"version-history":[{"count":0,"href":"https:\/\/www.autoescolasantfeliu.com\/es\/wp-json\/wp\/v2\/posts\/1766\/revisions"}],"wp:featuredmedia":[{"embeddable":true,"href":"https:\/\/www.autoescolasantfeliu.com\/es\/wp-json\/wp\/v2\/media\/1772"}],"wp:attachment":[{"href":"https:\/\/www.autoescolasantfeliu.com\/es\/wp-json\/wp\/v2\/media?parent=1766"}],"wp:term":[{"taxonomy":"category","embeddable":true,"href":"https:\/\/www.autoescolasantfeliu.com\/es\/wp-json\/wp\/v2\/categories?post=1766"},{"taxonomy":"post_tag","embeddable":true,"href":"https:\/\/www.autoescolasantfeliu.com\/es\/wp-json\/wp\/v2\/tags?post=1766"}],"curies":[{"name":"wp","href":"https:\/\/api.w.org\/{rel}","templated":true}]}}