{"id":1731,"date":"2022-09-17T10:46:25","date_gmt":"2022-09-17T08:46:25","guid":{"rendered":"https:\/\/www.autoescolasantfeliu.com\/?p=1731"},"modified":"2022-09-17T10:49:45","modified_gmt":"2022-09-17T08:49:45","slug":"pluja-a-la-vista","status":"publish","type":"post","link":"https:\/\/www.autoescolasantfeliu.com\/es\/pluja-a-la-vista\/","title":{"rendered":"\u00a1Lluvia a la vista!"},"content":{"rendered":"<p><\/p>\n<p style=\"text-align: justify;\">Llega temporada de lluvias, algunas con m\u00e1s intensidad que otras. El resultado: <strong>grandes balsas de agua que afectan al tr\u00e1fico<\/strong>, obligando a los conductores o bien a buscar rutas alternativas o bien a arriesgarse a cruzar.<\/p>\n<p style=\"text-align: justify;\">La primera opci\u00f3n siempre es la m\u00e1s aconsejable,\u00a0ya que se debe <strong>evitar meter el coche en el agua<\/strong>. El desenlace puede resultar fatal tanto para la mec\u00e1nica del veh\u00edculo como para los pasajeros.<\/p>\n<p style=\"text-align: justify;\">Ahora bien, si no queda otra, se podr\u00e1 atravesar la balsa, siempre y cuando <strong>el agua no est\u00e9 en movimiento<\/strong>. Si en vez de un charco, nos encontramos ante\u00a0un cauce de agua\u00a0que, adem\u00e1s, supera en profundidad el eje de nuestro veh\u00edculo, habr\u00e1 que desistir en la idea de cruzarlo. Las posibilidades de que\u00a0el agua acabe arrastrando nuestro veh\u00edculo, en este caso, son elevadas.<\/p>\n<p style=\"text-align: justify;\">Imaginemos que\u00a0nos encontramos una balsa de agua en medio de la carretera.\u00a0Para cruzarla, aunque nuestro instinto nos diga que aceleremos y pasemos a toda velocidad, habr\u00e1 que <strong>reducir la velocidad y tratar de pasar de lado a lado muy despacio<\/strong>.<\/p>\n<p style=\"text-align: justify;\">Con la velocidad reducida y la primera marcha metida comenzaremos a pasar lentamente.\u00a0Es aconsejable que el motor trabaje a altas revoluciones\u00a0para que la presi\u00f3n a la que salen los gases por el tubo de escape impida que entre el agua.<\/p>\n<p style=\"text-align: justify;\">Y, como \u00faltimo consejo, es muy importante <strong>no apagar el coche y evitar por todos los medios posibles que se cale el motor<\/strong>.<\/p>\n<h3 style=\"text-align: justify;\">Lo principal, en momentos de fuertes lluvias, extrema precauci\u00f3n al volante<\/h3>\n<p><img decoding=\"async\" class=\"aligncenter wp-image-1733 size-full\" src=\"https:\/\/www.autoescolasantfeliu.com\/wp-content\/uploads\/2022\/09\/Autoescola-Sant-Feliu-Blog-Pluja-a-la-vista.jpg\" alt=\"Autoescola Sant Feliu - Blog - Lluvia a la vista\" width=\"900\" height=\"600\" srcset=\"https:\/\/www.autoescolasantfeliu.com\/wp-content\/uploads\/2022\/09\/Autoescola-Sant-Feliu-Blog-Pluja-a-la-vista.jpg 900w, https:\/\/www.autoescolasantfeliu.com\/wp-content\/uploads\/2022\/09\/Autoescola-Sant-Feliu-Blog-Pluja-a-la-vista-300x200.jpg 300w, https:\/\/www.autoescolasantfeliu.com\/wp-content\/uploads\/2022\/09\/Autoescola-Sant-Feliu-Blog-Pluja-a-la-vista-768x512.jpg 768w\" sizes=\"(max-width: 900px) 100vw, 900px\" \/><\/p>","protected":false},"excerpt":{"rendered":"<p style=\"text-align: justify;\">Llega temporada de lluvias, algunas con m\u00e1s intensidad que otras. El resultado: <strong>grandes balsas de agua que afectan al tr\u00e1fico<\/strong>, obligando a los conductores o bien a buscar rutas alternativas o bien a arriesgarse a cruzar.<\/p>\n<p style=\"text-align: justify;\">Lo principal, en momentos de fuertes lluvias, extrema precauci\u00f3n al volante<\/p>\n","protected":false},"author":1,"featured_media":1733,"comment_status":"closed","ping_status":"closed","sticky":false,"template":"","format":"standard","meta":{"footnotes":""},"categories":[1],"tags":[],"class_list":["post-1731","post","type-post","status-publish","format-standard","has-post-thumbnail","hentry","category-news"],"yoast_head":"<!-- This site is optimized with the Yoast SEO plugin v27.5 - https:\/\/yoast.com\/product\/yoast-seo-wordpress\/ -->\n<title>\u00a1Lluvia a la vista! - Autoescola Sant Feliu<\/title>\n<meta name=\"description\" content=\"Arriba temporada de pluges, algunes amb m\u00e9s intensitat que altres. El resultat: grans basses d&#039;aigua que afecten el tr\u00e0nsit.\" \/>\n<meta name=\"robots\" content=\"index, follow, max-snippet:-1, max-image-preview:large, max-video-preview:-1\" \/>\n<link rel=\"canonical\" href=\"https:\/\/www.autoescolasantfeliu.com\/pluja-a-la-vista\/\" \/>\n<meta property=\"og:locale\" content=\"es_ES\" \/>\n<meta property=\"og:type\" content=\"article\" \/>\n<meta property=\"og:title\" content=\"[:ca]Pluja a la vista![:es]\u00a1Lluvia a la vista![:] - Autoescola Sant Feliu\" \/>\n<meta property=\"og:description\" content=\"Arriba temporada de pluges, algunes amb m\u00e9s intensitat que altres. El resultat: grans basses d&#039;aigua que afecten el tr\u00e0nsit.\" \/>\n<meta property=\"og:url\" content=\"https:\/\/www.autoescolasantfeliu.com\/pluja-a-la-vista\/\" \/>\n<meta property=\"og:site_name\" content=\"Autoescola Sant Feliu\" \/>\n<meta property=\"article:publisher\" content=\"https:\/\/www.facebook.com\/autoescolastfeliu\/?ref=br_rs\" \/>\n<meta property=\"article:published_time\" content=\"2022-09-17T08:46:25+00:00\" \/>\n<meta property=\"article:modified_time\" content=\"2022-09-17T08:49:45+00:00\" \/>\n<meta property=\"og:image\" content=\"https:\/\/www.autoescolasantfeliu.com\/wp-content\/uploads\/2022\/09\/Autoescola-Sant-Feliu-Blog-Pluja-a-la-vista.jpg\" \/>\n\t<meta property=\"og:image:width\" content=\"900\" \/>\n\t<meta property=\"og:image:height\" content=\"600\" \/>\n\t<meta property=\"og:image:type\" content=\"image\/jpeg\" \/>\n<meta name=\"author\" content=\"Autoescola Sant Feliu\" \/>\n<meta name=\"twitter:card\" content=\"summary_large_image\" \/>\n<meta name=\"twitter:label1\" content=\"Escrito por\" \/>\n\t<meta name=\"twitter:data1\" content=\"Autoescola Sant Feliu\" \/>\n\t<meta name=\"twitter:label2\" content=\"Tiempo de lectura\" \/>\n\t<meta name=\"twitter:data2\" content=\"2 minutos\" \/>\n<script type=\"application\/ld+json\" class=\"yoast-schema-graph\">{\"@context\":\"https:\\\/\\\/schema.org\",\"@graph\":[{\"@type\":\"Article\",\"@id\":\"https:\\\/\\\/www.autoescolasantfeliu.com\\\/pluja-a-la-vista\\\/#article\",\"isPartOf\":{\"@id\":\"https:\\\/\\\/www.autoescolasantfeliu.com\\\/pluja-a-la-vista\\\/\"},\"author\":{\"name\":\"Autoescola Sant Feliu\",\"@id\":\"https:\\\/\\\/www.autoescolasantfeliu.com\\\/#\\\/schema\\\/person\\\/e215cfaecdd132a6fe01e728f517c13b\"},\"headline\":\"\u00a1Lluvia a la vista!\",\"datePublished\":\"2022-09-17T08:46:25+00:00\",\"dateModified\":\"2022-09-17T08:49:45+00:00\",\"mainEntityOfPage\":{\"@id\":\"https:\\\/\\\/www.autoescolasantfeliu.com\\\/pluja-a-la-vista\\\/\"},\"wordCount\":537,\"publisher\":{\"@id\":\"https:\\\/\\\/www.autoescolasantfeliu.com\\\/#organization\"},\"image\":{\"@id\":\"https:\\\/\\\/www.autoescolasantfeliu.com\\\/pluja-a-la-vista\\\/#primaryimage\"},\"thumbnailUrl\":\"https:\\\/\\\/www.autoescolasantfeliu.com\\\/wp-content\\\/uploads\\\/2022\\\/09\\\/Autoescola-Sant-Feliu-Blog-Pluja-a-la-vista.jpg\",\"articleSection\":[\"Noticias\"],\"inLanguage\":\"es\"},{\"@type\":\"WebPage\",\"@id\":\"https:\\\/\\\/www.autoescolasantfeliu.com\\\/pluja-a-la-vista\\\/\",\"url\":\"https:\\\/\\\/www.autoescolasantfeliu.com\\\/pluja-a-la-vista\\\/\",\"name\":\"[:ca]Pluja a la vista![:es]\u00a1Lluvia a la vista![:] - Autoescola Sant Feliu\",\"isPartOf\":{\"@id\":\"https:\\\/\\\/www.autoescolasantfeliu.com\\\/#website\"},\"primaryImageOfPage\":{\"@id\":\"https:\\\/\\\/www.autoescolasantfeliu.com\\\/pluja-a-la-vista\\\/#primaryimage\"},\"image\":{\"@id\":\"https:\\\/\\\/www.autoescolasantfeliu.com\\\/pluja-a-la-vista\\\/#primaryimage\"},\"thumbnailUrl\":\"https:\\\/\\\/www.autoescolasantfeliu.com\\\/wp-content\\\/uploads\\\/2022\\\/09\\\/Autoescola-Sant-Feliu-Blog-Pluja-a-la-vista.jpg\",\"datePublished\":\"2022-09-17T08:46:25+00:00\",\"dateModified\":\"2022-09-17T08:49:45+00:00\",\"description\":\"Arriba temporada de pluges, algunes amb m\u00e9s intensitat que altres. El resultat: grans basses d'aigua que afecten el tr\u00e0nsit.\",\"breadcrumb\":{\"@id\":\"https:\\\/\\\/www.autoescolasantfeliu.com\\\/pluja-a-la-vista\\\/#breadcrumb\"},\"inLanguage\":\"es\",\"potentialAction\":[{\"@type\":\"ReadAction\",\"target\":[\"https:\\\/\\\/www.autoescolasantfeliu.com\\\/pluja-a-la-vista\\\/\"]}]},{\"@type\":\"ImageObject\",\"inLanguage\":\"es\",\"@id\":\"https:\\\/\\\/www.autoescolasantfeliu.com\\\/pluja-a-la-vista\\\/#primaryimage\",\"url\":\"https:\\\/\\\/www.autoescolasantfeliu.com\\\/wp-content\\\/uploads\\\/2022\\\/09\\\/Autoescola-Sant-Feliu-Blog-Pluja-a-la-vista.jpg\",\"contentUrl\":\"https:\\\/\\\/www.autoescolasantfeliu.com\\\/wp-content\\\/uploads\\\/2022\\\/09\\\/Autoescola-Sant-Feliu-Blog-Pluja-a-la-vista.jpg\",\"width\":900,\"height\":600,\"caption\":\"Autoescola Sant Feliu - Blog - Pluja a la vista\"},{\"@type\":\"BreadcrumbList\",\"@id\":\"https:\\\/\\\/www.autoescolasantfeliu.com\\\/pluja-a-la-vista\\\/#breadcrumb\",\"itemListElement\":[{\"@type\":\"ListItem\",\"position\":1,\"name\":\"Portada\",\"item\":\"https:\\\/\\\/www.autoescolasantfeliu.com\\\/\"},{\"@type\":\"ListItem\",\"position\":2,\"name\":\"\u00a1Lluvia a la vista!\"}]},{\"@type\":\"WebSite\",\"@id\":\"https:\\\/\\\/www.autoescolasantfeliu.com\\\/#website\",\"url\":\"https:\\\/\\\/www.autoescolasantfeliu.com\\\/\",\"name\":\"Autoescola Sant Feliu\",\"description\":\"Autoescola Sant Feliu\",\"publisher\":{\"@id\":\"https:\\\/\\\/www.autoescolasantfeliu.com\\\/#organization\"},\"potentialAction\":[{\"@type\":\"SearchAction\",\"target\":{\"@type\":\"EntryPoint\",\"urlTemplate\":\"https:\\\/\\\/www.autoescolasantfeliu.com\\\/?s={search_term_string}\"},\"query-input\":{\"@type\":\"PropertyValueSpecification\",\"valueRequired\":true,\"valueName\":\"search_term_string\"}}],\"inLanguage\":\"es\"},{\"@type\":\"Organization\",\"@id\":\"https:\\\/\\\/www.autoescolasantfeliu.com\\\/#organization\",\"name\":\"Autoescola Sant Feliu\",\"url\":\"https:\\\/\\\/www.autoescolasantfeliu.com\\\/\",\"logo\":{\"@type\":\"ImageObject\",\"inLanguage\":\"es\",\"@id\":\"https:\\\/\\\/www.autoescolasantfeliu.com\\\/#\\\/schema\\\/logo\\\/image\\\/\",\"url\":\"https:\\\/\\\/www.autoescolasantfeliu.com\\\/wp-content\\\/uploads\\\/2018\\\/11\\\/Autoescola-Sant-Feliu-Logo.png\",\"contentUrl\":\"https:\\\/\\\/www.autoescolasantfeliu.com\\\/wp-content\\\/uploads\\\/2018\\\/11\\\/Autoescola-Sant-Feliu-Logo.png\",\"width\":450,\"height\":65,\"caption\":\"Autoescola Sant Feliu\"},\"image\":{\"@id\":\"https:\\\/\\\/www.autoescolasantfeliu.com\\\/#\\\/schema\\\/logo\\\/image\\\/\"},\"sameAs\":[\"https:\\\/\\\/www.facebook.com\\\/autoescolastfeliu\\\/?ref=br_rs\",\"https:\\\/\\\/www.instagram.com\\\/autoescolasantfeliuaesf\\\/\"]},{\"@type\":\"Person\",\"@id\":\"https:\\\/\\\/www.autoescolasantfeliu.com\\\/#\\\/schema\\\/person\\\/e215cfaecdd132a6fe01e728f517c13b\",\"name\":\"Autoescola Sant Feliu\"}]}<\/script>\n<!-- \/ Yoast SEO plugin. -->","yoast_head_json":{"title":"[:ca]Pluja a la vista![:es]\u00a1Lluvia a la vista![:] - Autoescola Sant Feliu","description":"Arriba temporada de pluges, algunes amb m\u00e9s intensitat que altres. El resultat: grans basses d'aigua que afecten el tr\u00e0nsit.","robots":{"index":"index","follow":"follow","max-snippet":"max-snippet:-1","max-image-preview":"max-image-preview:large","max-video-preview":"max-video-preview:-1"},"canonical":"https:\/\/www.autoescolasantfeliu.com\/pluja-a-la-vista\/","og_locale":"es_ES","og_type":"article","og_title":"[:ca]Pluja a la vista![:es]\u00a1Lluvia a la vista![:] - Autoescola Sant Feliu","og_description":"Arriba temporada de pluges, algunes amb m\u00e9s intensitat que altres. El resultat: grans basses d'aigua que afecten el tr\u00e0nsit.","og_url":"https:\/\/www.autoescolasantfeliu.com\/pluja-a-la-vista\/","og_site_name":"Autoescola Sant Feliu","article_publisher":"https:\/\/www.facebook.com\/autoescolastfeliu\/?ref=br_rs","article_published_time":"2022-09-17T08:46:25+00:00","article_modified_time":"2022-09-17T08:49:45+00:00","og_image":[{"width":900,"height":600,"url":"https:\/\/www.autoescolasantfeliu.com\/wp-content\/uploads\/2022\/09\/Autoescola-Sant-Feliu-Blog-Pluja-a-la-vista.jpg","type":"image\/jpeg"}],"author":"Autoescola Sant Feliu","twitter_card":"summary_large_image","twitter_misc":{"Escrito por":"Autoescola Sant Feliu","Tiempo de lectura":"2 minutos"},"schema":{"@context":"https:\/\/schema.org","@graph":[{"@type":"Article","@id":"https:\/\/www.autoescolasantfeliu.com\/pluja-a-la-vista\/#article","isPartOf":{"@id":"https:\/\/www.autoescolasantfeliu.com\/pluja-a-la-vista\/"},"author":{"name":"Autoescola Sant Feliu","@id":"https:\/\/www.autoescolasantfeliu.com\/#\/schema\/person\/e215cfaecdd132a6fe01e728f517c13b"},"headline":"\u00a1Lluvia a la vista!","datePublished":"2022-09-17T08:46:25+00:00","dateModified":"2022-09-17T08:49:45+00:00","mainEntityOfPage":{"@id":"https:\/\/www.autoescolasantfeliu.com\/pluja-a-la-vista\/"},"wordCount":537,"publisher":{"@id":"https:\/\/www.autoescolasantfeliu.com\/#organization"},"image":{"@id":"https:\/\/www.autoescolasantfeliu.com\/pluja-a-la-vista\/#primaryimage"},"thumbnailUrl":"https:\/\/www.autoescolasantfeliu.com\/wp-content\/uploads\/2022\/09\/Autoescola-Sant-Feliu-Blog-Pluja-a-la-vista.jpg","articleSection":["Noticias"],"inLanguage":"es"},{"@type":"WebPage","@id":"https:\/\/www.autoescolasantfeliu.com\/pluja-a-la-vista\/","url":"https:\/\/www.autoescolasantfeliu.com\/pluja-a-la-vista\/","name":"[:ca]Pluja a la vista![:es]\u00a1Lluvia a la vista![:] - Autoescola Sant Feliu","isPartOf":{"@id":"https:\/\/www.autoescolasantfeliu.com\/#website"},"primaryImageOfPage":{"@id":"https:\/\/www.autoescolasantfeliu.com\/pluja-a-la-vista\/#primaryimage"},"image":{"@id":"https:\/\/www.autoescolasantfeliu.com\/pluja-a-la-vista\/#primaryimage"},"thumbnailUrl":"https:\/\/www.autoescolasantfeliu.com\/wp-content\/uploads\/2022\/09\/Autoescola-Sant-Feliu-Blog-Pluja-a-la-vista.jpg","datePublished":"2022-09-17T08:46:25+00:00","dateModified":"2022-09-17T08:49:45+00:00","description":"Arriba temporada de pluges, algunes amb m\u00e9s intensitat que altres. El resultat: grans basses d'aigua que afecten el tr\u00e0nsit.","breadcrumb":{"@id":"https:\/\/www.autoescolasantfeliu.com\/pluja-a-la-vista\/#breadcrumb"},"inLanguage":"es","potentialAction":[{"@type":"ReadAction","target":["https:\/\/www.autoescolasantfeliu.com\/pluja-a-la-vista\/"]}]},{"@type":"ImageObject","inLanguage":"es","@id":"https:\/\/www.autoescolasantfeliu.com\/pluja-a-la-vista\/#primaryimage","url":"https:\/\/www.autoescolasantfeliu.com\/wp-content\/uploads\/2022\/09\/Autoescola-Sant-Feliu-Blog-Pluja-a-la-vista.jpg","contentUrl":"https:\/\/www.autoescolasantfeliu.com\/wp-content\/uploads\/2022\/09\/Autoescola-Sant-Feliu-Blog-Pluja-a-la-vista.jpg","width":900,"height":600,"caption":"Autoescola Sant Feliu - Blog - Pluja a la vista"},{"@type":"BreadcrumbList","@id":"https:\/\/www.autoescolasantfeliu.com\/pluja-a-la-vista\/#breadcrumb","itemListElement":[{"@type":"ListItem","position":1,"name":"Portada","item":"https:\/\/www.autoescolasantfeliu.com\/"},{"@type":"ListItem","position":2,"name":"\u00a1Lluvia a la vista!"}]},{"@type":"WebSite","@id":"https:\/\/www.autoescolasantfeliu.com\/#website","url":"https:\/\/www.autoescolasantfeliu.com\/","name":"Autoescola Sant Feliu","description":"Autoescola Sant Feliu","publisher":{"@id":"https:\/\/www.autoescolasantfeliu.com\/#organization"},"potentialAction":[{"@type":"SearchAction","target":{"@type":"EntryPoint","urlTemplate":"https:\/\/www.autoescolasantfeliu.com\/?s={search_term_string}"},"query-input":{"@type":"PropertyValueSpecification","valueRequired":true,"valueName":"search_term_string"}}],"inLanguage":"es"},{"@type":"Organization","@id":"https:\/\/www.autoescolasantfeliu.com\/#organization","name":"Autoescola Sant Feliu","url":"https:\/\/www.autoescolasantfeliu.com\/","logo":{"@type":"ImageObject","inLanguage":"es","@id":"https:\/\/www.autoescolasantfeliu.com\/#\/schema\/logo\/image\/","url":"https:\/\/www.autoescolasantfeliu.com\/wp-content\/uploads\/2018\/11\/Autoescola-Sant-Feliu-Logo.png","contentUrl":"https:\/\/www.autoescolasantfeliu.com\/wp-content\/uploads\/2018\/11\/Autoescola-Sant-Feliu-Logo.png","width":450,"height":65,"caption":"Autoescola Sant Feliu"},"image":{"@id":"https:\/\/www.autoescolasantfeliu.com\/#\/schema\/logo\/image\/"},"sameAs":["https:\/\/www.facebook.com\/autoescolastfeliu\/?ref=br_rs","https:\/\/www.instagram.com\/autoescolasantfeliuaesf\/"]},{"@type":"Person","@id":"https:\/\/www.autoescolasantfeliu.com\/#\/schema\/person\/e215cfaecdd132a6fe01e728f517c13b","name":"Autoescola Sant Feliu"}]}},"_links":{"self":[{"href":"https:\/\/www.autoescolasantfeliu.com\/es\/wp-json\/wp\/v2\/posts\/1731","targetHints":{"allow":["GET"]}}],"collection":[{"href":"https:\/\/www.autoescolasantfeliu.com\/es\/wp-json\/wp\/v2\/posts"}],"about":[{"href":"https:\/\/www.autoescolasantfeliu.com\/es\/wp-json\/wp\/v2\/types\/post"}],"author":[{"embeddable":true,"href":"https:\/\/www.autoescolasantfeliu.com\/es\/wp-json\/wp\/v2\/users\/1"}],"replies":[{"embeddable":true,"href":"https:\/\/www.autoescolasantfeliu.com\/es\/wp-json\/wp\/v2\/comments?post=1731"}],"version-history":[{"count":0,"href":"https:\/\/www.autoescolasantfeliu.com\/es\/wp-json\/wp\/v2\/posts\/1731\/revisions"}],"wp:featuredmedia":[{"embeddable":true,"href":"https:\/\/www.autoescolasantfeliu.com\/es\/wp-json\/wp\/v2\/media\/1733"}],"wp:attachment":[{"href":"https:\/\/www.autoescolasantfeliu.com\/es\/wp-json\/wp\/v2\/media?parent=1731"}],"wp:term":[{"taxonomy":"category","embeddable":true,"href":"https:\/\/www.autoescolasantfeliu.com\/es\/wp-json\/wp\/v2\/categories?post=1731"},{"taxonomy":"post_tag","embeddable":true,"href":"https:\/\/www.autoescolasantfeliu.com\/es\/wp-json\/wp\/v2\/tags?post=1731"}],"curies":[{"name":"wp","href":"https:\/\/api.w.org\/{rel}","templated":true}]}}