{"id":1354,"date":"2020-07-21T17:43:31","date_gmt":"2020-07-21T15:43:31","guid":{"rendered":"https:\/\/www.autoescolasantfeliu.com\/?p=1354"},"modified":"2020-07-21T17:46:54","modified_gmt":"2020-07-21T15:46:54","slug":"mascareta-al-volant-quan-i-com-fer-ne-us","status":"publish","type":"post","link":"https:\/\/www.autoescolasantfeliu.com\/es\/mascareta-al-volant-quan-i-com-fer-ne-us\/","title":{"rendered":"Mascarilla al volante\u2026 cu\u00e1ndo y c\u00f3mo hacer uso"},"content":{"rendered":"<p><\/p>\n<p style=\"text-align: justify;\">Proteger las principales v\u00edas de infecci\u00f3n, boca y nariz, es algo que en principio no estamos obligados a hacer cuando nos desplazamos con nuestro veh\u00edculo. <strong>El habit\u00e1culo del coche nos a\u00edsla completamente de otras fuentes de contagio<\/strong>, aunque, eso s\u00ed, <strong>es recomendable\u00a0desinfectar\u00a0el autom\u00f3vil cada vez que nos bajamos de \u00e9l<\/strong> si despu\u00e9s va a ser utilizado por otra persona. Por lo tanto, <strong>si viajamos solos no har\u00e1 falta que llevemos puesta una mascarilla protectora<\/strong> mientras conducimos.<\/p>\n<p style=\"text-align: justify;\">\u00danicamente deberemos hacerlo como <strong>medida de prevenci\u00f3n cuando nos desplazamos junto a otras personas<\/strong>. De esta manera ponemos una barrera protectora con las dem\u00e1s personas que viajan con nosotros para <strong>evitar el contagio del coronavirus<\/strong>.<\/p>\n<p><img fetchpriority=\"high\" decoding=\"async\" class=\"aligncenter wp-image-1349\" src=\"https:\/\/www.autoescolasantfeliu.com\/wp-content\/uploads\/2020\/05\/Autoescola-Sant-Feliu-Despla\u00e7aments-en-cotxe-Fase-1.jpg\" alt=\"\" width=\"900\" height=\"506\" srcset=\"https:\/\/www.autoescolasantfeliu.com\/wp-content\/uploads\/2020\/05\/Autoescola-Sant-Feliu-Despla\u00e7aments-en-cotxe-Fase-1.jpg 1024w, https:\/\/www.autoescolasantfeliu.com\/wp-content\/uploads\/2020\/05\/Autoescola-Sant-Feliu-Despla\u00e7aments-en-cotxe-Fase-1-300x169.jpg 300w, https:\/\/www.autoescolasantfeliu.com\/wp-content\/uploads\/2020\/05\/Autoescola-Sant-Feliu-Despla\u00e7aments-en-cotxe-Fase-1-768x432.jpg 768w\" sizes=\"(max-width: 900px) 100vw, 900px\" \/><\/p>\n<p style=\"text-align: justify;\">Ahora bien, cuando alguien equipado con una mascarilla se pone al volante ha de tener en cuenta que la pieza <strong>debe ajustarse de forma correcta a la zona de la boca y de la nariz y que sea de un tama\u00f1o adecuado, ni demasiado grande ni demasiado peque\u00f1a<\/strong>, para que se consiga una correcta sujeci\u00f3n de la misma. La mala colocaci\u00f3n de la tela o su tama\u00f1o puede acabar derivando en problemas que supongan la p\u00e9rdida de\u00a0capacidades\u00a0para la conducci\u00f3n.<\/p>\n<p style=\"text-align: justify;\">En dos casos <strong>puede afectar al\u00a0campo de visi\u00f3n\u00a0del conductor.<\/strong> En el primero de ellos, cuando la mascarilla cubre parte de la zona ocular y en el segundo, si el conductor lleva gafas, cuando por el efecto de la respiraci\u00f3n se le empa\u00f1an los cristales de las lentes. Adem\u00e1s, hay que tener en cuenta un tercer escenario: que la mascarilla no sea del tama\u00f1o adecuado y que su uso moleste al conductor porque le aprieta o se le cae, lo que le podr\u00eda acabar generando una situaci\u00f3n de\u00a0estr\u00e9s\u00a0que le hiciera perder la concentraci\u00f3n.<\/p>\n<p style=\"text-align: justify;\">Si se da uno de estos supuestos, <strong>el conductor puede ser multado por el agente de la autoridad<\/strong> si considera que el uso de la mascarilla le impide mantener \u201csu propia\u00a0libertad de movimientos, el campo necesario de visi\u00f3n y la atenci\u00f3n permanente a la conducci\u00f3n\u201d. Esta infracci\u00f3n est\u00e1 considerada como falta leve y conlleva una multa de 80 euros.<\/p>\n<p style=\"text-align: justify;\">As\u00ed que si has de ponerte al volante debes saber que no es necesario que lleves puesta la mascarilla, siempre y cuando viajes solo. Si lo haces en compa\u00f1\u00eda de otras personas que no sean del n\u00facleo familiar deber\u00e1s pon\u00e9rtela para evitar la propagaci\u00f3n del coronavirus. Pero, eso s\u00ed, ya sabes c\u00f3mo debes coloc\u00e1rtela para que no te puedan\u00a0sancionar\u00a0por las consecuencias que pueden derivarse por su mal uso.<\/p>\n<p><img decoding=\"async\" class=\"aligncenter wp-image-1357 size-full\" title=\"Autoescola Sant Feliu - Conducir con mascarilla\" src=\"https:\/\/www.autoescolasantfeliu.com\/wp-content\/uploads\/2020\/07\/Autoescola-Sant-Feliu-Conduir-amb-mascareta.jpg\" alt=\"Autoescola Sant Feliu - Conducir con mascarilla\" width=\"900\" height=\"541\" srcset=\"https:\/\/www.autoescolasantfeliu.com\/wp-content\/uploads\/2020\/07\/Autoescola-Sant-Feliu-Conduir-amb-mascareta.jpg 900w, https:\/\/www.autoescolasantfeliu.com\/wp-content\/uploads\/2020\/07\/Autoescola-Sant-Feliu-Conduir-amb-mascareta-300x180.jpg 300w, https:\/\/www.autoescolasantfeliu.com\/wp-content\/uploads\/2020\/07\/Autoescola-Sant-Feliu-Conduir-amb-mascareta-768x462.jpg 768w\" sizes=\"(max-width: 900px) 100vw, 900px\" \/><\/p>","protected":false},"excerpt":{"rendered":"<p style=\"text-align: justify;\">No es necesario llevar puesta la mascarilla cuando viajes solo. Deber\u00e1s pon\u00e9rtela si viajas en compa\u00f1\u00eda de otras personas que no sean del n\u00facleo familiar para evitar la propagaci\u00f3n del coronavirus. Pero, eso s\u00ed, debes coloc\u00e1rtela correctamente para que no te puedan sancionar por las consecuencias que pueden derivarse por su mal uso.<\/p>\n","protected":false},"author":1,"featured_media":1357,"comment_status":"closed","ping_status":"closed","sticky":false,"template":"","format":"standard","meta":{"footnotes":""},"categories":[1],"tags":[],"class_list":["post-1354","post","type-post","status-publish","format-standard","has-post-thumbnail","hentry","category-news"],"yoast_head":"<!-- This site is optimized with the Yoast SEO plugin v27.5 - https:\/\/yoast.com\/product\/yoast-seo-wordpress\/ -->\n<title>Mascarilla al volante\u2026 cu\u00e1ndo y c\u00f3mo hacer uso - Autoescola Sant Feliu<\/title>\n<meta name=\"description\" content=\"Has de saber queSi has de posar-te al volant has de saber que no \u00e9s necessari que portis posada la mascareta, sempre que viatges sol.Si ho fas en companyia d&#039;altres persones que no siguin del nucli familiar haur\u00e0s de posar-te-la per a evitar la propagaci\u00f3 del coronavirus. Per\u00f2, aix\u00f2 s\u00ed, ja saps com has de col\u00b7locar-te-la perqu\u00e8 no et puguin sancionar per les conseq\u00fc\u00e8ncies que poden derivar-se pel seu mal \u00fas.\" \/>\n<meta name=\"robots\" content=\"index, follow, max-snippet:-1, max-image-preview:large, max-video-preview:-1\" \/>\n<link rel=\"canonical\" href=\"https:\/\/www.autoescolasantfeliu.com\/mascareta-al-volant-quan-i-com-fer-ne-us\/\" \/>\n<meta property=\"og:locale\" content=\"es_ES\" \/>\n<meta property=\"og:type\" content=\"article\" \/>\n<meta property=\"og:title\" content=\"[:ca]Mascareta al volant\u2026 quan i com fer-ne \u00fas[:es]Mascarilla al volante\u2026 cu\u00e1ndo y c\u00f3mo hacer uso[:] - Autoescola Sant Feliu\" \/>\n<meta property=\"og:description\" content=\"Has de saber queSi has de posar-te al volant has de saber que no \u00e9s necessari que portis posada la mascareta, sempre que viatges sol.Si ho fas en companyia d&#039;altres persones que no siguin del nucli familiar haur\u00e0s de posar-te-la per a evitar la propagaci\u00f3 del coronavirus. Per\u00f2, aix\u00f2 s\u00ed, ja saps com has de col\u00b7locar-te-la perqu\u00e8 no et puguin sancionar per les conseq\u00fc\u00e8ncies que poden derivar-se pel seu mal \u00fas.\" \/>\n<meta property=\"og:url\" content=\"https:\/\/www.autoescolasantfeliu.com\/mascareta-al-volant-quan-i-com-fer-ne-us\/\" \/>\n<meta property=\"og:site_name\" content=\"Autoescola Sant Feliu\" \/>\n<meta property=\"article:publisher\" content=\"https:\/\/www.facebook.com\/autoescolastfeliu\/?ref=br_rs\" \/>\n<meta property=\"article:published_time\" content=\"2020-07-21T15:43:31+00:00\" \/>\n<meta property=\"article:modified_time\" content=\"2020-07-21T15:46:54+00:00\" \/>\n<meta property=\"og:image\" content=\"https:\/\/www.autoescolasantfeliu.com\/wp-content\/uploads\/2020\/07\/Autoescola-Sant-Feliu-Conduir-amb-mascareta.jpg\" \/>\n\t<meta property=\"og:image:width\" content=\"900\" \/>\n\t<meta property=\"og:image:height\" content=\"541\" \/>\n\t<meta property=\"og:image:type\" content=\"image\/jpeg\" \/>\n<meta name=\"author\" content=\"Autoescola Sant Feliu\" \/>\n<meta name=\"twitter:card\" content=\"summary_large_image\" \/>\n<meta name=\"twitter:label1\" content=\"Escrito por\" \/>\n\t<meta name=\"twitter:data1\" content=\"Autoescola Sant Feliu\" \/>\n\t<meta name=\"twitter:label2\" content=\"Tiempo de lectura\" \/>\n\t<meta name=\"twitter:data2\" content=\"4 minutos\" \/>\n<script type=\"application\/ld+json\" class=\"yoast-schema-graph\">{\"@context\":\"https:\\\/\\\/schema.org\",\"@graph\":[{\"@type\":\"Article\",\"@id\":\"https:\\\/\\\/www.autoescolasantfeliu.com\\\/mascareta-al-volant-quan-i-com-fer-ne-us\\\/#article\",\"isPartOf\":{\"@id\":\"https:\\\/\\\/www.autoescolasantfeliu.com\\\/mascareta-al-volant-quan-i-com-fer-ne-us\\\/\"},\"author\":{\"name\":\"Autoescola Sant Feliu\",\"@id\":\"https:\\\/\\\/www.autoescolasantfeliu.com\\\/#\\\/schema\\\/person\\\/e215cfaecdd132a6fe01e728f517c13b\"},\"headline\":\"Mascarilla al volante\u2026 cu\u00e1ndo y c\u00f3mo hacer uso\",\"datePublished\":\"2020-07-21T15:43:31+00:00\",\"dateModified\":\"2020-07-21T15:46:54+00:00\",\"mainEntityOfPage\":{\"@id\":\"https:\\\/\\\/www.autoescolasantfeliu.com\\\/mascareta-al-volant-quan-i-com-fer-ne-us\\\/\"},\"wordCount\":923,\"publisher\":{\"@id\":\"https:\\\/\\\/www.autoescolasantfeliu.com\\\/#organization\"},\"image\":{\"@id\":\"https:\\\/\\\/www.autoescolasantfeliu.com\\\/mascareta-al-volant-quan-i-com-fer-ne-us\\\/#primaryimage\"},\"thumbnailUrl\":\"https:\\\/\\\/www.autoescolasantfeliu.com\\\/wp-content\\\/uploads\\\/2020\\\/07\\\/Autoescola-Sant-Feliu-Conduir-amb-mascareta.jpg\",\"articleSection\":[\"Noticias\"],\"inLanguage\":\"es\"},{\"@type\":\"WebPage\",\"@id\":\"https:\\\/\\\/www.autoescolasantfeliu.com\\\/mascareta-al-volant-quan-i-com-fer-ne-us\\\/\",\"url\":\"https:\\\/\\\/www.autoescolasantfeliu.com\\\/mascareta-al-volant-quan-i-com-fer-ne-us\\\/\",\"name\":\"[:ca]Mascareta al volant\u2026 quan i com fer-ne \u00fas[:es]Mascarilla al volante\u2026 cu\u00e1ndo y c\u00f3mo hacer uso[:] - Autoescola Sant Feliu\",\"isPartOf\":{\"@id\":\"https:\\\/\\\/www.autoescolasantfeliu.com\\\/#website\"},\"primaryImageOfPage\":{\"@id\":\"https:\\\/\\\/www.autoescolasantfeliu.com\\\/mascareta-al-volant-quan-i-com-fer-ne-us\\\/#primaryimage\"},\"image\":{\"@id\":\"https:\\\/\\\/www.autoescolasantfeliu.com\\\/mascareta-al-volant-quan-i-com-fer-ne-us\\\/#primaryimage\"},\"thumbnailUrl\":\"https:\\\/\\\/www.autoescolasantfeliu.com\\\/wp-content\\\/uploads\\\/2020\\\/07\\\/Autoescola-Sant-Feliu-Conduir-amb-mascareta.jpg\",\"datePublished\":\"2020-07-21T15:43:31+00:00\",\"dateModified\":\"2020-07-21T15:46:54+00:00\",\"description\":\"Has de saber queSi has de posar-te al volant has de saber que no \u00e9s necessari que portis posada la mascareta, sempre que viatges sol.Si ho fas en companyia d'altres persones que no siguin del nucli familiar haur\u00e0s de posar-te-la per a evitar la propagaci\u00f3 del coronavirus. Per\u00f2, aix\u00f2 s\u00ed, ja saps com has de col\u00b7locar-te-la perqu\u00e8 no et puguin sancionar per les conseq\u00fc\u00e8ncies que poden derivar-se pel seu mal \u00fas.\",\"breadcrumb\":{\"@id\":\"https:\\\/\\\/www.autoescolasantfeliu.com\\\/mascareta-al-volant-quan-i-com-fer-ne-us\\\/#breadcrumb\"},\"inLanguage\":\"es\",\"potentialAction\":[{\"@type\":\"ReadAction\",\"target\":[\"https:\\\/\\\/www.autoescolasantfeliu.com\\\/mascareta-al-volant-quan-i-com-fer-ne-us\\\/\"]}]},{\"@type\":\"ImageObject\",\"inLanguage\":\"es\",\"@id\":\"https:\\\/\\\/www.autoescolasantfeliu.com\\\/mascareta-al-volant-quan-i-com-fer-ne-us\\\/#primaryimage\",\"url\":\"https:\\\/\\\/www.autoescolasantfeliu.com\\\/wp-content\\\/uploads\\\/2020\\\/07\\\/Autoescola-Sant-Feliu-Conduir-amb-mascareta.jpg\",\"contentUrl\":\"https:\\\/\\\/www.autoescolasantfeliu.com\\\/wp-content\\\/uploads\\\/2020\\\/07\\\/Autoescola-Sant-Feliu-Conduir-amb-mascareta.jpg\",\"width\":900,\"height\":541,\"caption\":\"Autoescola Sant Feliu - Conduir amb mascareta\"},{\"@type\":\"BreadcrumbList\",\"@id\":\"https:\\\/\\\/www.autoescolasantfeliu.com\\\/mascareta-al-volant-quan-i-com-fer-ne-us\\\/#breadcrumb\",\"itemListElement\":[{\"@type\":\"ListItem\",\"position\":1,\"name\":\"Portada\",\"item\":\"https:\\\/\\\/www.autoescolasantfeliu.com\\\/\"},{\"@type\":\"ListItem\",\"position\":2,\"name\":\"Mascareta al volant\u2026 quan i com fer-ne \u00fas\"}]},{\"@type\":\"WebSite\",\"@id\":\"https:\\\/\\\/www.autoescolasantfeliu.com\\\/#website\",\"url\":\"https:\\\/\\\/www.autoescolasantfeliu.com\\\/\",\"name\":\"Autoescola Sant Feliu\",\"description\":\"Autoescola Sant Feliu\",\"publisher\":{\"@id\":\"https:\\\/\\\/www.autoescolasantfeliu.com\\\/#organization\"},\"potentialAction\":[{\"@type\":\"SearchAction\",\"target\":{\"@type\":\"EntryPoint\",\"urlTemplate\":\"https:\\\/\\\/www.autoescolasantfeliu.com\\\/?s={search_term_string}\"},\"query-input\":{\"@type\":\"PropertyValueSpecification\",\"valueRequired\":true,\"valueName\":\"search_term_string\"}}],\"inLanguage\":\"es\"},{\"@type\":\"Organization\",\"@id\":\"https:\\\/\\\/www.autoescolasantfeliu.com\\\/#organization\",\"name\":\"Autoescola Sant Feliu\",\"url\":\"https:\\\/\\\/www.autoescolasantfeliu.com\\\/\",\"logo\":{\"@type\":\"ImageObject\",\"inLanguage\":\"es\",\"@id\":\"https:\\\/\\\/www.autoescolasantfeliu.com\\\/#\\\/schema\\\/logo\\\/image\\\/\",\"url\":\"https:\\\/\\\/www.autoescolasantfeliu.com\\\/wp-content\\\/uploads\\\/2018\\\/11\\\/Autoescola-Sant-Feliu-Logo.png\",\"contentUrl\":\"https:\\\/\\\/www.autoescolasantfeliu.com\\\/wp-content\\\/uploads\\\/2018\\\/11\\\/Autoescola-Sant-Feliu-Logo.png\",\"width\":450,\"height\":65,\"caption\":\"Autoescola Sant Feliu\"},\"image\":{\"@id\":\"https:\\\/\\\/www.autoescolasantfeliu.com\\\/#\\\/schema\\\/logo\\\/image\\\/\"},\"sameAs\":[\"https:\\\/\\\/www.facebook.com\\\/autoescolastfeliu\\\/?ref=br_rs\",\"https:\\\/\\\/www.instagram.com\\\/autoescolasantfeliuaesf\\\/\"]},{\"@type\":\"Person\",\"@id\":\"https:\\\/\\\/www.autoescolasantfeliu.com\\\/#\\\/schema\\\/person\\\/e215cfaecdd132a6fe01e728f517c13b\",\"name\":\"Autoescola Sant Feliu\"}]}<\/script>\n<!-- \/ Yoast SEO plugin. -->","yoast_head_json":{"title":"[:ca]Mascareta al volant\u2026 quan i com fer-ne \u00fas[:es]Mascarilla al volante\u2026 cu\u00e1ndo y c\u00f3mo hacer uso[:] - Autoescola Sant Feliu","description":"Has de saber queSi has de posar-te al volant has de saber que no \u00e9s necessari que portis posada la mascareta, sempre que viatges sol.Si ho fas en companyia d'altres persones que no siguin del nucli familiar haur\u00e0s de posar-te-la per a evitar la propagaci\u00f3 del coronavirus. Per\u00f2, aix\u00f2 s\u00ed, ja saps com has de col\u00b7locar-te-la perqu\u00e8 no et puguin sancionar per les conseq\u00fc\u00e8ncies que poden derivar-se pel seu mal \u00fas.","robots":{"index":"index","follow":"follow","max-snippet":"max-snippet:-1","max-image-preview":"max-image-preview:large","max-video-preview":"max-video-preview:-1"},"canonical":"https:\/\/www.autoescolasantfeliu.com\/mascareta-al-volant-quan-i-com-fer-ne-us\/","og_locale":"es_ES","og_type":"article","og_title":"[:ca]Mascareta al volant\u2026 quan i com fer-ne \u00fas[:es]Mascarilla al volante\u2026 cu\u00e1ndo y c\u00f3mo hacer uso[:] - Autoescola Sant Feliu","og_description":"Has de saber queSi has de posar-te al volant has de saber que no \u00e9s necessari que portis posada la mascareta, sempre que viatges sol.Si ho fas en companyia d'altres persones que no siguin del nucli familiar haur\u00e0s de posar-te-la per a evitar la propagaci\u00f3 del coronavirus. Per\u00f2, aix\u00f2 s\u00ed, ja saps com has de col\u00b7locar-te-la perqu\u00e8 no et puguin sancionar per les conseq\u00fc\u00e8ncies que poden derivar-se pel seu mal \u00fas.","og_url":"https:\/\/www.autoescolasantfeliu.com\/mascareta-al-volant-quan-i-com-fer-ne-us\/","og_site_name":"Autoescola Sant Feliu","article_publisher":"https:\/\/www.facebook.com\/autoescolastfeliu\/?ref=br_rs","article_published_time":"2020-07-21T15:43:31+00:00","article_modified_time":"2020-07-21T15:46:54+00:00","og_image":[{"width":900,"height":541,"url":"https:\/\/www.autoescolasantfeliu.com\/wp-content\/uploads\/2020\/07\/Autoescola-Sant-Feliu-Conduir-amb-mascareta.jpg","type":"image\/jpeg"}],"author":"Autoescola Sant Feliu","twitter_card":"summary_large_image","twitter_misc":{"Escrito por":"Autoescola Sant Feliu","Tiempo de lectura":"4 minutos"},"schema":{"@context":"https:\/\/schema.org","@graph":[{"@type":"Article","@id":"https:\/\/www.autoescolasantfeliu.com\/mascareta-al-volant-quan-i-com-fer-ne-us\/#article","isPartOf":{"@id":"https:\/\/www.autoescolasantfeliu.com\/mascareta-al-volant-quan-i-com-fer-ne-us\/"},"author":{"name":"Autoescola Sant Feliu","@id":"https:\/\/www.autoescolasantfeliu.com\/#\/schema\/person\/e215cfaecdd132a6fe01e728f517c13b"},"headline":"Mascarilla al volante\u2026 cu\u00e1ndo y c\u00f3mo hacer uso","datePublished":"2020-07-21T15:43:31+00:00","dateModified":"2020-07-21T15:46:54+00:00","mainEntityOfPage":{"@id":"https:\/\/www.autoescolasantfeliu.com\/mascareta-al-volant-quan-i-com-fer-ne-us\/"},"wordCount":923,"publisher":{"@id":"https:\/\/www.autoescolasantfeliu.com\/#organization"},"image":{"@id":"https:\/\/www.autoescolasantfeliu.com\/mascareta-al-volant-quan-i-com-fer-ne-us\/#primaryimage"},"thumbnailUrl":"https:\/\/www.autoescolasantfeliu.com\/wp-content\/uploads\/2020\/07\/Autoescola-Sant-Feliu-Conduir-amb-mascareta.jpg","articleSection":["Noticias"],"inLanguage":"es"},{"@type":"WebPage","@id":"https:\/\/www.autoescolasantfeliu.com\/mascareta-al-volant-quan-i-com-fer-ne-us\/","url":"https:\/\/www.autoescolasantfeliu.com\/mascareta-al-volant-quan-i-com-fer-ne-us\/","name":"[:ca]Mascareta al volant\u2026 quan i com fer-ne \u00fas[:es]Mascarilla al volante\u2026 cu\u00e1ndo y c\u00f3mo hacer uso[:] - Autoescola Sant Feliu","isPartOf":{"@id":"https:\/\/www.autoescolasantfeliu.com\/#website"},"primaryImageOfPage":{"@id":"https:\/\/www.autoescolasantfeliu.com\/mascareta-al-volant-quan-i-com-fer-ne-us\/#primaryimage"},"image":{"@id":"https:\/\/www.autoescolasantfeliu.com\/mascareta-al-volant-quan-i-com-fer-ne-us\/#primaryimage"},"thumbnailUrl":"https:\/\/www.autoescolasantfeliu.com\/wp-content\/uploads\/2020\/07\/Autoescola-Sant-Feliu-Conduir-amb-mascareta.jpg","datePublished":"2020-07-21T15:43:31+00:00","dateModified":"2020-07-21T15:46:54+00:00","description":"Has de saber queSi has de posar-te al volant has de saber que no \u00e9s necessari que portis posada la mascareta, sempre que viatges sol.Si ho fas en companyia d'altres persones que no siguin del nucli familiar haur\u00e0s de posar-te-la per a evitar la propagaci\u00f3 del coronavirus. Per\u00f2, aix\u00f2 s\u00ed, ja saps com has de col\u00b7locar-te-la perqu\u00e8 no et puguin sancionar per les conseq\u00fc\u00e8ncies que poden derivar-se pel seu mal \u00fas.","breadcrumb":{"@id":"https:\/\/www.autoescolasantfeliu.com\/mascareta-al-volant-quan-i-com-fer-ne-us\/#breadcrumb"},"inLanguage":"es","potentialAction":[{"@type":"ReadAction","target":["https:\/\/www.autoescolasantfeliu.com\/mascareta-al-volant-quan-i-com-fer-ne-us\/"]}]},{"@type":"ImageObject","inLanguage":"es","@id":"https:\/\/www.autoescolasantfeliu.com\/mascareta-al-volant-quan-i-com-fer-ne-us\/#primaryimage","url":"https:\/\/www.autoescolasantfeliu.com\/wp-content\/uploads\/2020\/07\/Autoescola-Sant-Feliu-Conduir-amb-mascareta.jpg","contentUrl":"https:\/\/www.autoescolasantfeliu.com\/wp-content\/uploads\/2020\/07\/Autoescola-Sant-Feliu-Conduir-amb-mascareta.jpg","width":900,"height":541,"caption":"Autoescola Sant Feliu - Conduir amb mascareta"},{"@type":"BreadcrumbList","@id":"https:\/\/www.autoescolasantfeliu.com\/mascareta-al-volant-quan-i-com-fer-ne-us\/#breadcrumb","itemListElement":[{"@type":"ListItem","position":1,"name":"Portada","item":"https:\/\/www.autoescolasantfeliu.com\/"},{"@type":"ListItem","position":2,"name":"Mascareta al volant\u2026 quan i com fer-ne \u00fas"}]},{"@type":"WebSite","@id":"https:\/\/www.autoescolasantfeliu.com\/#website","url":"https:\/\/www.autoescolasantfeliu.com\/","name":"Autoescola Sant Feliu","description":"Autoescola Sant Feliu","publisher":{"@id":"https:\/\/www.autoescolasantfeliu.com\/#organization"},"potentialAction":[{"@type":"SearchAction","target":{"@type":"EntryPoint","urlTemplate":"https:\/\/www.autoescolasantfeliu.com\/?s={search_term_string}"},"query-input":{"@type":"PropertyValueSpecification","valueRequired":true,"valueName":"search_term_string"}}],"inLanguage":"es"},{"@type":"Organization","@id":"https:\/\/www.autoescolasantfeliu.com\/#organization","name":"Autoescola Sant Feliu","url":"https:\/\/www.autoescolasantfeliu.com\/","logo":{"@type":"ImageObject","inLanguage":"es","@id":"https:\/\/www.autoescolasantfeliu.com\/#\/schema\/logo\/image\/","url":"https:\/\/www.autoescolasantfeliu.com\/wp-content\/uploads\/2018\/11\/Autoescola-Sant-Feliu-Logo.png","contentUrl":"https:\/\/www.autoescolasantfeliu.com\/wp-content\/uploads\/2018\/11\/Autoescola-Sant-Feliu-Logo.png","width":450,"height":65,"caption":"Autoescola Sant Feliu"},"image":{"@id":"https:\/\/www.autoescolasantfeliu.com\/#\/schema\/logo\/image\/"},"sameAs":["https:\/\/www.facebook.com\/autoescolastfeliu\/?ref=br_rs","https:\/\/www.instagram.com\/autoescolasantfeliuaesf\/"]},{"@type":"Person","@id":"https:\/\/www.autoescolasantfeliu.com\/#\/schema\/person\/e215cfaecdd132a6fe01e728f517c13b","name":"Autoescola Sant Feliu"}]}},"_links":{"self":[{"href":"https:\/\/www.autoescolasantfeliu.com\/es\/wp-json\/wp\/v2\/posts\/1354","targetHints":{"allow":["GET"]}}],"collection":[{"href":"https:\/\/www.autoescolasantfeliu.com\/es\/wp-json\/wp\/v2\/posts"}],"about":[{"href":"https:\/\/www.autoescolasantfeliu.com\/es\/wp-json\/wp\/v2\/types\/post"}],"author":[{"embeddable":true,"href":"https:\/\/www.autoescolasantfeliu.com\/es\/wp-json\/wp\/v2\/users\/1"}],"replies":[{"embeddable":true,"href":"https:\/\/www.autoescolasantfeliu.com\/es\/wp-json\/wp\/v2\/comments?post=1354"}],"version-history":[{"count":0,"href":"https:\/\/www.autoescolasantfeliu.com\/es\/wp-json\/wp\/v2\/posts\/1354\/revisions"}],"wp:featuredmedia":[{"embeddable":true,"href":"https:\/\/www.autoescolasantfeliu.com\/es\/wp-json\/wp\/v2\/media\/1357"}],"wp:attachment":[{"href":"https:\/\/www.autoescolasantfeliu.com\/es\/wp-json\/wp\/v2\/media?parent=1354"}],"wp:term":[{"taxonomy":"category","embeddable":true,"href":"https:\/\/www.autoescolasantfeliu.com\/es\/wp-json\/wp\/v2\/categories?post=1354"},{"taxonomy":"post_tag","embeddable":true,"href":"https:\/\/www.autoescolasantfeliu.com\/es\/wp-json\/wp\/v2\/tags?post=1354"}],"curies":[{"name":"wp","href":"https:\/\/api.w.org\/{rel}","templated":true}]}}