{"id":1219,"date":"2019-10-05T11:14:50","date_gmt":"2019-10-05T09:14:50","guid":{"rendered":"https:\/\/www.autoescolasantfeliu.com\/?p=1219"},"modified":"2021-03-14T21:23:23","modified_gmt":"2021-03-14T20:23:23","slug":"els-joves-perden-interes-per-treures-el-permis-de-conduir","status":"publish","type":"post","link":"https:\/\/www.autoescolasantfeliu.com\/es\/els-joves-perden-interes-per-treures-el-permis-de-conduir\/","title":{"rendered":"Los j\u00f3venes pierden inter\u00e9s en sacarse el carn\u00e9 de conducir"},"content":{"rendered":"<p><\/p>\n<h3 style=\"text-align: justify;\">Durante los \u00faltimos 10 a\u00f1os se ha reducido a la mitad el n\u00famero de permisos de conducci\u00f3n expedidos.<\/h3>\n<p style=\"text-align: justify;\">El concepto de la movilidad est\u00e1 cambiando. Antes, tener un coche era s\u00edmbolo de libertad, autonom\u00eda y tambi\u00e9n una forma de identidad. Para la mayor\u00eda, uno de los grandes objetivos al cumplir los 18 a\u00f1os era el de sacarse el carn\u00e9 de conducir.<\/p>\n<p style=\"text-align: justify;\">Hoy en d\u00eda es distinto. Durante los \u00faltimos 10 a\u00f1os,\u00a0el n\u00famero de permisos de conducir expedidos en Espa\u00f1a ha bajado\u00a0notablemente.<\/p>\n<h3 style=\"text-align: justify;\">Pero\u2026 \u00bfcu\u00e1l es el motivo?<\/h3>\n<p style=\"text-align: justify;\">Los expertos apuntan que este descenso se ha visto afectado sobre todo por la\u00a0baja natalidad, la crisis econ\u00f3mica y el cambio de h\u00e1bitos y prioridades de los j\u00f3venes, que ya no consideran tan importante sacarse el carn\u00e9 al cumplir la mayor\u00eda de edad.<\/p>\n<p style=\"text-align: justify;\">Muchos j\u00f3venes rechazan la idea del coche porque les supone un coste sacarse el carn\u00e9, adem\u00e1s de la adquisici\u00f3n del veh\u00edculo m\u00e1s su mantenimiento. Prefieren invertir ese dinero en tecnolog\u00eda como un ordenador, una tablet o un tel\u00e9fono m\u00f3vil de \u00faltima generaci\u00f3n.<\/p>\n<p style=\"text-align: justify;\">Las estad\u00edsticas muestran que cada vez es mayor la edad con la que los j\u00f3venes se sacan el permiso de conducir. Generalmente, lo hacen por\u00a0motivos de necesidad: al inserirse al mercado laboral o cuando hay la intenci\u00f3n de formar una familia.<\/p>\n<p style=\"text-align: justify;\">Este desinter\u00e9s tambi\u00e9n puede venir marcado por la aparici\u00f3n de\u00a0nuevas formas de movilidad. Durante los \u00faltimos a\u00f1os han aparecido nuevos modelos de movilidad m\u00e1s sostenibles y que a la vez\u00a0reducen el uso del veh\u00edculo privado.\u00a0Algunas de las nuevas propuestas de movilidad alternativa se basan en compartir veh\u00edculo, hecho que hace que se empiece a ver la movilidad m\u00e1s como un servicio, y no como un producto.<\/p>\n<p style=\"text-align: justify;\">Nuevas tendencias a las que nos tendremos que ir acostumbrando.<br \/>\nPara quien s\u00ed tenga ganas de ponerse al volante\u2026 <strong>Autoescola Sant Feliu<\/strong>!<\/p>\n<p><img decoding=\"async\" class=\"aligncenter wp-image-1228 size-full\" title=\"Los j\u00f3venes pierden inter\u00e9s en sacarse el carn\u00e9 de conducir | Autoescola Sant Feliu\" src=\"https:\/\/www.autoescolasantfeliu.com\/wp-content\/uploads\/2019\/10\/Els-joves-perden-inter\u00e9s-en-treure-el-perm\u00eds-de-conduir-Autoescola-Sant-Feliu.jpg\" alt=\"Los j\u00f3venes pierden inter\u00e9s en sacarse el carn\u00e9 de conducir | Autoescola Sant Feliu\" width=\"1200\" height=\"737\" srcset=\"https:\/\/www.autoescolasantfeliu.com\/wp-content\/uploads\/2019\/10\/Els-joves-perden-inter\u00e9s-en-treure-el-perm\u00eds-de-conduir-Autoescola-Sant-Feliu.jpg 1200w, https:\/\/www.autoescolasantfeliu.com\/wp-content\/uploads\/2019\/10\/Els-joves-perden-inter\u00e9s-en-treure-el-perm\u00eds-de-conduir-Autoescola-Sant-Feliu-300x184.jpg 300w, https:\/\/www.autoescolasantfeliu.com\/wp-content\/uploads\/2019\/10\/Els-joves-perden-inter\u00e9s-en-treure-el-perm\u00eds-de-conduir-Autoescola-Sant-Feliu-768x472.jpg 768w, https:\/\/www.autoescolasantfeliu.com\/wp-content\/uploads\/2019\/10\/Els-joves-perden-inter\u00e9s-en-treure-el-perm\u00eds-de-conduir-Autoescola-Sant-Feliu-1024x629.jpg 1024w\" sizes=\"(max-width: 1200px) 100vw, 1200px\" \/><\/p>","protected":false},"excerpt":{"rendered":"<p style=\"text-align: justify;\">Durante los \u00faltimos 10 a\u00f1os se ha reducido a la mitad el n\u00famero de permisos de conducci\u00f3n expedidos. Te explicamos los motivos.<\/p>\n","protected":false},"author":1,"featured_media":1228,"comment_status":"closed","ping_status":"closed","sticky":false,"template":"","format":"standard","meta":{"footnotes":""},"categories":[1],"tags":[],"class_list":["post-1219","post","type-post","status-publish","format-standard","has-post-thumbnail","hentry","category-news"],"yoast_head":"<!-- This site is optimized with the Yoast SEO plugin v27.5 - https:\/\/yoast.com\/product\/yoast-seo-wordpress\/ -->\n<title>Los j\u00f3venes pierden inter\u00e9s en sacarse el carn\u00e9 de conducir - Autoescola Sant Feliu<\/title>\n<meta name=\"description\" content=\"(Catal\u00e0) Durant els \u00faltims 10 anys s&#039;ha redu\u00eft a la meitat el nombre de permisos de conducci\u00f3 expedits.El concepte de la mobilitat est\u00e0 canviant.\" \/>\n<meta name=\"robots\" content=\"index, follow, max-snippet:-1, max-image-preview:large, max-video-preview:-1\" \/>\n<link rel=\"canonical\" href=\"https:\/\/www.autoescolasantfeliu.com\/es\/els-joves-perden-interes-per-treures-el-permis-de-conduir\/\" \/>\n<meta property=\"og:locale\" content=\"es_ES\" \/>\n<meta property=\"og:type\" content=\"article\" \/>\n<meta property=\"og:title\" content=\"[:ca]Els joves perden inter\u00e8s per treure&#039;s el perm\u00eds de conduir[:es]Los j\u00f3venes pierden inter\u00e9s en sacarse el carn\u00e9 de conducir[:] - Autoescola Sant Feliu\" \/>\n<meta property=\"og:description\" content=\"(Catal\u00e0) Durant els \u00faltims 10 anys s&#039;ha redu\u00eft a la meitat el nombre de permisos de conducci\u00f3 expedits.El concepte de la mobilitat est\u00e0 canviant.\" \/>\n<meta property=\"og:url\" content=\"https:\/\/www.autoescolasantfeliu.com\/es\/els-joves-perden-interes-per-treures-el-permis-de-conduir\/\" \/>\n<meta property=\"og:site_name\" content=\"Autoescola Sant Feliu\" \/>\n<meta property=\"article:publisher\" content=\"https:\/\/www.facebook.com\/autoescolastfeliu\/?ref=br_rs\" \/>\n<meta property=\"article:published_time\" content=\"2019-10-05T09:14:50+00:00\" \/>\n<meta property=\"article:modified_time\" content=\"2021-03-14T20:23:23+00:00\" \/>\n<meta property=\"og:image\" content=\"https:\/\/www.autoescolasantfeliu.com\/wp-content\/uploads\/2019\/10\/Els-joves-perden-inter\u00e9s-en-treure-el-perm\u00eds-de-conduir-Autoescola-Sant-Feliu.jpg\" \/>\n\t<meta property=\"og:image:width\" content=\"1200\" \/>\n\t<meta property=\"og:image:height\" content=\"737\" \/>\n\t<meta property=\"og:image:type\" content=\"image\/jpeg\" \/>\n<meta name=\"author\" content=\"Autoescola Sant Feliu\" \/>\n<meta name=\"twitter:card\" content=\"summary_large_image\" \/>\n<meta name=\"twitter:label1\" content=\"Escrito por\" \/>\n\t<meta name=\"twitter:data1\" content=\"Autoescola Sant Feliu\" \/>\n\t<meta name=\"twitter:label2\" content=\"Tiempo de lectura\" \/>\n\t<meta name=\"twitter:data2\" content=\"3 minutos\" \/>\n<script type=\"application\/ld+json\" class=\"yoast-schema-graph\">{\"@context\":\"https:\\\/\\\/schema.org\",\"@graph\":[{\"@type\":\"Article\",\"@id\":\"https:\\\/\\\/www.autoescolasantfeliu.com\\\/es\\\/els-joves-perden-interes-per-treures-el-permis-de-conduir\\\/#article\",\"isPartOf\":{\"@id\":\"https:\\\/\\\/www.autoescolasantfeliu.com\\\/es\\\/els-joves-perden-interes-per-treures-el-permis-de-conduir\\\/\"},\"author\":{\"name\":\"Autoescola Sant Feliu\",\"@id\":\"https:\\\/\\\/www.autoescolasantfeliu.com\\\/#\\\/schema\\\/person\\\/e215cfaecdd132a6fe01e728f517c13b\"},\"headline\":\"Los j\u00f3venes pierden inter\u00e9s en sacarse el carn\u00e9 de conducir\",\"datePublished\":\"2019-10-05T09:14:50+00:00\",\"dateModified\":\"2021-03-14T20:23:23+00:00\",\"mainEntityOfPage\":{\"@id\":\"https:\\\/\\\/www.autoescolasantfeliu.com\\\/es\\\/els-joves-perden-interes-per-treures-el-permis-de-conduir\\\/\"},\"wordCount\":693,\"publisher\":{\"@id\":\"https:\\\/\\\/www.autoescolasantfeliu.com\\\/#organization\"},\"image\":{\"@id\":\"https:\\\/\\\/www.autoescolasantfeliu.com\\\/es\\\/els-joves-perden-interes-per-treures-el-permis-de-conduir\\\/#primaryimage\"},\"thumbnailUrl\":\"https:\\\/\\\/www.autoescolasantfeliu.com\\\/wp-content\\\/uploads\\\/2019\\\/10\\\/Els-joves-perden-inter\u00e9s-en-treure-el-perm\u00eds-de-conduir-Autoescola-Sant-Feliu.jpg\",\"articleSection\":[\"Noticias\"],\"inLanguage\":\"es\"},{\"@type\":\"WebPage\",\"@id\":\"https:\\\/\\\/www.autoescolasantfeliu.com\\\/es\\\/els-joves-perden-interes-per-treures-el-permis-de-conduir\\\/\",\"url\":\"https:\\\/\\\/www.autoescolasantfeliu.com\\\/es\\\/els-joves-perden-interes-per-treures-el-permis-de-conduir\\\/\",\"name\":\"[:ca]Els joves perden inter\u00e8s per treure's el perm\u00eds de conduir[:es]Los j\u00f3venes pierden inter\u00e9s en sacarse el carn\u00e9 de conducir[:] - Autoescola Sant Feliu\",\"isPartOf\":{\"@id\":\"https:\\\/\\\/www.autoescolasantfeliu.com\\\/#website\"},\"primaryImageOfPage\":{\"@id\":\"https:\\\/\\\/www.autoescolasantfeliu.com\\\/es\\\/els-joves-perden-interes-per-treures-el-permis-de-conduir\\\/#primaryimage\"},\"image\":{\"@id\":\"https:\\\/\\\/www.autoescolasantfeliu.com\\\/es\\\/els-joves-perden-interes-per-treures-el-permis-de-conduir\\\/#primaryimage\"},\"thumbnailUrl\":\"https:\\\/\\\/www.autoescolasantfeliu.com\\\/wp-content\\\/uploads\\\/2019\\\/10\\\/Els-joves-perden-inter\u00e9s-en-treure-el-perm\u00eds-de-conduir-Autoescola-Sant-Feliu.jpg\",\"datePublished\":\"2019-10-05T09:14:50+00:00\",\"dateModified\":\"2021-03-14T20:23:23+00:00\",\"description\":\"(Catal\u00e0) Durant els \u00faltims 10 anys s'ha redu\u00eft a la meitat el nombre de permisos de conducci\u00f3 expedits.El concepte de la mobilitat est\u00e0 canviant.\",\"breadcrumb\":{\"@id\":\"https:\\\/\\\/www.autoescolasantfeliu.com\\\/es\\\/els-joves-perden-interes-per-treures-el-permis-de-conduir\\\/#breadcrumb\"},\"inLanguage\":\"es\",\"potentialAction\":[{\"@type\":\"ReadAction\",\"target\":[\"https:\\\/\\\/www.autoescolasantfeliu.com\\\/es\\\/els-joves-perden-interes-per-treures-el-permis-de-conduir\\\/\"]}]},{\"@type\":\"ImageObject\",\"inLanguage\":\"es\",\"@id\":\"https:\\\/\\\/www.autoescolasantfeliu.com\\\/es\\\/els-joves-perden-interes-per-treures-el-permis-de-conduir\\\/#primaryimage\",\"url\":\"https:\\\/\\\/www.autoescolasantfeliu.com\\\/wp-content\\\/uploads\\\/2019\\\/10\\\/Els-joves-perden-inter\u00e9s-en-treure-el-perm\u00eds-de-conduir-Autoescola-Sant-Feliu.jpg\",\"contentUrl\":\"https:\\\/\\\/www.autoescolasantfeliu.com\\\/wp-content\\\/uploads\\\/2019\\\/10\\\/Els-joves-perden-inter\u00e9s-en-treure-el-perm\u00eds-de-conduir-Autoescola-Sant-Feliu.jpg\",\"width\":1200,\"height\":737,\"caption\":\"Els joves perden inter\u00e9s en treure el perm\u00eds de conduir | Autoescola Sant Feliu\"},{\"@type\":\"BreadcrumbList\",\"@id\":\"https:\\\/\\\/www.autoescolasantfeliu.com\\\/es\\\/els-joves-perden-interes-per-treures-el-permis-de-conduir\\\/#breadcrumb\",\"itemListElement\":[{\"@type\":\"ListItem\",\"position\":1,\"name\":\"Portada\",\"item\":\"https:\\\/\\\/www.autoescolasantfeliu.com\\\/\"},{\"@type\":\"ListItem\",\"position\":2,\"name\":\"Los j\u00f3venes pierden inter\u00e9s en sacarse el carn\u00e9 de conducir\"}]},{\"@type\":\"WebSite\",\"@id\":\"https:\\\/\\\/www.autoescolasantfeliu.com\\\/#website\",\"url\":\"https:\\\/\\\/www.autoescolasantfeliu.com\\\/\",\"name\":\"Autoescola Sant Feliu\",\"description\":\"Autoescola Sant Feliu\",\"publisher\":{\"@id\":\"https:\\\/\\\/www.autoescolasantfeliu.com\\\/#organization\"},\"potentialAction\":[{\"@type\":\"SearchAction\",\"target\":{\"@type\":\"EntryPoint\",\"urlTemplate\":\"https:\\\/\\\/www.autoescolasantfeliu.com\\\/?s={search_term_string}\"},\"query-input\":{\"@type\":\"PropertyValueSpecification\",\"valueRequired\":true,\"valueName\":\"search_term_string\"}}],\"inLanguage\":\"es\"},{\"@type\":\"Organization\",\"@id\":\"https:\\\/\\\/www.autoescolasantfeliu.com\\\/#organization\",\"name\":\"Autoescola Sant Feliu\",\"url\":\"https:\\\/\\\/www.autoescolasantfeliu.com\\\/\",\"logo\":{\"@type\":\"ImageObject\",\"inLanguage\":\"es\",\"@id\":\"https:\\\/\\\/www.autoescolasantfeliu.com\\\/#\\\/schema\\\/logo\\\/image\\\/\",\"url\":\"https:\\\/\\\/www.autoescolasantfeliu.com\\\/wp-content\\\/uploads\\\/2018\\\/11\\\/Autoescola-Sant-Feliu-Logo.png\",\"contentUrl\":\"https:\\\/\\\/www.autoescolasantfeliu.com\\\/wp-content\\\/uploads\\\/2018\\\/11\\\/Autoescola-Sant-Feliu-Logo.png\",\"width\":450,\"height\":65,\"caption\":\"Autoescola Sant Feliu\"},\"image\":{\"@id\":\"https:\\\/\\\/www.autoescolasantfeliu.com\\\/#\\\/schema\\\/logo\\\/image\\\/\"},\"sameAs\":[\"https:\\\/\\\/www.facebook.com\\\/autoescolastfeliu\\\/?ref=br_rs\",\"https:\\\/\\\/www.instagram.com\\\/autoescolasantfeliuaesf\\\/\"]},{\"@type\":\"Person\",\"@id\":\"https:\\\/\\\/www.autoescolasantfeliu.com\\\/#\\\/schema\\\/person\\\/e215cfaecdd132a6fe01e728f517c13b\",\"name\":\"Autoescola Sant Feliu\"}]}<\/script>\n<!-- \/ Yoast SEO plugin. -->","yoast_head_json":{"title":"[:ca]Els joves perden inter\u00e8s per treure's el perm\u00eds de conduir[:es]Los j\u00f3venes pierden inter\u00e9s en sacarse el carn\u00e9 de conducir[:] - Autoescola Sant Feliu","description":"(Catal\u00e0) Durant els \u00faltims 10 anys s'ha redu\u00eft a la meitat el nombre de permisos de conducci\u00f3 expedits.El concepte de la mobilitat est\u00e0 canviant.","robots":{"index":"index","follow":"follow","max-snippet":"max-snippet:-1","max-image-preview":"max-image-preview:large","max-video-preview":"max-video-preview:-1"},"canonical":"https:\/\/www.autoescolasantfeliu.com\/es\/els-joves-perden-interes-per-treures-el-permis-de-conduir\/","og_locale":"es_ES","og_type":"article","og_title":"[:ca]Els joves perden inter\u00e8s per treure's el perm\u00eds de conduir[:es]Los j\u00f3venes pierden inter\u00e9s en sacarse el carn\u00e9 de conducir[:] - Autoescola Sant Feliu","og_description":"(Catal\u00e0) Durant els \u00faltims 10 anys s'ha redu\u00eft a la meitat el nombre de permisos de conducci\u00f3 expedits.El concepte de la mobilitat est\u00e0 canviant.","og_url":"https:\/\/www.autoescolasantfeliu.com\/es\/els-joves-perden-interes-per-treures-el-permis-de-conduir\/","og_site_name":"Autoescola Sant Feliu","article_publisher":"https:\/\/www.facebook.com\/autoescolastfeliu\/?ref=br_rs","article_published_time":"2019-10-05T09:14:50+00:00","article_modified_time":"2021-03-14T20:23:23+00:00","og_image":[{"width":1200,"height":737,"url":"https:\/\/www.autoescolasantfeliu.com\/wp-content\/uploads\/2019\/10\/Els-joves-perden-inter\u00e9s-en-treure-el-perm\u00eds-de-conduir-Autoescola-Sant-Feliu.jpg","type":"image\/jpeg"}],"author":"Autoescola Sant Feliu","twitter_card":"summary_large_image","twitter_misc":{"Escrito por":"Autoescola Sant Feliu","Tiempo de lectura":"3 minutos"},"schema":{"@context":"https:\/\/schema.org","@graph":[{"@type":"Article","@id":"https:\/\/www.autoescolasantfeliu.com\/es\/els-joves-perden-interes-per-treures-el-permis-de-conduir\/#article","isPartOf":{"@id":"https:\/\/www.autoescolasantfeliu.com\/es\/els-joves-perden-interes-per-treures-el-permis-de-conduir\/"},"author":{"name":"Autoescola Sant Feliu","@id":"https:\/\/www.autoescolasantfeliu.com\/#\/schema\/person\/e215cfaecdd132a6fe01e728f517c13b"},"headline":"Los j\u00f3venes pierden inter\u00e9s en sacarse el carn\u00e9 de conducir","datePublished":"2019-10-05T09:14:50+00:00","dateModified":"2021-03-14T20:23:23+00:00","mainEntityOfPage":{"@id":"https:\/\/www.autoescolasantfeliu.com\/es\/els-joves-perden-interes-per-treures-el-permis-de-conduir\/"},"wordCount":693,"publisher":{"@id":"https:\/\/www.autoescolasantfeliu.com\/#organization"},"image":{"@id":"https:\/\/www.autoescolasantfeliu.com\/es\/els-joves-perden-interes-per-treures-el-permis-de-conduir\/#primaryimage"},"thumbnailUrl":"https:\/\/www.autoescolasantfeliu.com\/wp-content\/uploads\/2019\/10\/Els-joves-perden-inter\u00e9s-en-treure-el-perm\u00eds-de-conduir-Autoescola-Sant-Feliu.jpg","articleSection":["Noticias"],"inLanguage":"es"},{"@type":"WebPage","@id":"https:\/\/www.autoescolasantfeliu.com\/es\/els-joves-perden-interes-per-treures-el-permis-de-conduir\/","url":"https:\/\/www.autoescolasantfeliu.com\/es\/els-joves-perden-interes-per-treures-el-permis-de-conduir\/","name":"[:ca]Els joves perden inter\u00e8s per treure's el perm\u00eds de conduir[:es]Los j\u00f3venes pierden inter\u00e9s en sacarse el carn\u00e9 de conducir[:] - Autoescola Sant Feliu","isPartOf":{"@id":"https:\/\/www.autoescolasantfeliu.com\/#website"},"primaryImageOfPage":{"@id":"https:\/\/www.autoescolasantfeliu.com\/es\/els-joves-perden-interes-per-treures-el-permis-de-conduir\/#primaryimage"},"image":{"@id":"https:\/\/www.autoescolasantfeliu.com\/es\/els-joves-perden-interes-per-treures-el-permis-de-conduir\/#primaryimage"},"thumbnailUrl":"https:\/\/www.autoescolasantfeliu.com\/wp-content\/uploads\/2019\/10\/Els-joves-perden-inter\u00e9s-en-treure-el-perm\u00eds-de-conduir-Autoescola-Sant-Feliu.jpg","datePublished":"2019-10-05T09:14:50+00:00","dateModified":"2021-03-14T20:23:23+00:00","description":"(Catal\u00e0) Durant els \u00faltims 10 anys s'ha redu\u00eft a la meitat el nombre de permisos de conducci\u00f3 expedits.El concepte de la mobilitat est\u00e0 canviant.","breadcrumb":{"@id":"https:\/\/www.autoescolasantfeliu.com\/es\/els-joves-perden-interes-per-treures-el-permis-de-conduir\/#breadcrumb"},"inLanguage":"es","potentialAction":[{"@type":"ReadAction","target":["https:\/\/www.autoescolasantfeliu.com\/es\/els-joves-perden-interes-per-treures-el-permis-de-conduir\/"]}]},{"@type":"ImageObject","inLanguage":"es","@id":"https:\/\/www.autoescolasantfeliu.com\/es\/els-joves-perden-interes-per-treures-el-permis-de-conduir\/#primaryimage","url":"https:\/\/www.autoescolasantfeliu.com\/wp-content\/uploads\/2019\/10\/Els-joves-perden-inter\u00e9s-en-treure-el-perm\u00eds-de-conduir-Autoescola-Sant-Feliu.jpg","contentUrl":"https:\/\/www.autoescolasantfeliu.com\/wp-content\/uploads\/2019\/10\/Els-joves-perden-inter\u00e9s-en-treure-el-perm\u00eds-de-conduir-Autoescola-Sant-Feliu.jpg","width":1200,"height":737,"caption":"Els joves perden inter\u00e9s en treure el perm\u00eds de conduir | Autoescola Sant Feliu"},{"@type":"BreadcrumbList","@id":"https:\/\/www.autoescolasantfeliu.com\/es\/els-joves-perden-interes-per-treures-el-permis-de-conduir\/#breadcrumb","itemListElement":[{"@type":"ListItem","position":1,"name":"Portada","item":"https:\/\/www.autoescolasantfeliu.com\/"},{"@type":"ListItem","position":2,"name":"Los j\u00f3venes pierden inter\u00e9s en sacarse el carn\u00e9 de conducir"}]},{"@type":"WebSite","@id":"https:\/\/www.autoescolasantfeliu.com\/#website","url":"https:\/\/www.autoescolasantfeliu.com\/","name":"Autoescola Sant Feliu","description":"Autoescola Sant Feliu","publisher":{"@id":"https:\/\/www.autoescolasantfeliu.com\/#organization"},"potentialAction":[{"@type":"SearchAction","target":{"@type":"EntryPoint","urlTemplate":"https:\/\/www.autoescolasantfeliu.com\/?s={search_term_string}"},"query-input":{"@type":"PropertyValueSpecification","valueRequired":true,"valueName":"search_term_string"}}],"inLanguage":"es"},{"@type":"Organization","@id":"https:\/\/www.autoescolasantfeliu.com\/#organization","name":"Autoescola Sant Feliu","url":"https:\/\/www.autoescolasantfeliu.com\/","logo":{"@type":"ImageObject","inLanguage":"es","@id":"https:\/\/www.autoescolasantfeliu.com\/#\/schema\/logo\/image\/","url":"https:\/\/www.autoescolasantfeliu.com\/wp-content\/uploads\/2018\/11\/Autoescola-Sant-Feliu-Logo.png","contentUrl":"https:\/\/www.autoescolasantfeliu.com\/wp-content\/uploads\/2018\/11\/Autoescola-Sant-Feliu-Logo.png","width":450,"height":65,"caption":"Autoescola Sant Feliu"},"image":{"@id":"https:\/\/www.autoescolasantfeliu.com\/#\/schema\/logo\/image\/"},"sameAs":["https:\/\/www.facebook.com\/autoescolastfeliu\/?ref=br_rs","https:\/\/www.instagram.com\/autoescolasantfeliuaesf\/"]},{"@type":"Person","@id":"https:\/\/www.autoescolasantfeliu.com\/#\/schema\/person\/e215cfaecdd132a6fe01e728f517c13b","name":"Autoescola Sant Feliu"}]}},"_links":{"self":[{"href":"https:\/\/www.autoescolasantfeliu.com\/es\/wp-json\/wp\/v2\/posts\/1219","targetHints":{"allow":["GET"]}}],"collection":[{"href":"https:\/\/www.autoescolasantfeliu.com\/es\/wp-json\/wp\/v2\/posts"}],"about":[{"href":"https:\/\/www.autoescolasantfeliu.com\/es\/wp-json\/wp\/v2\/types\/post"}],"author":[{"embeddable":true,"href":"https:\/\/www.autoescolasantfeliu.com\/es\/wp-json\/wp\/v2\/users\/1"}],"replies":[{"embeddable":true,"href":"https:\/\/www.autoescolasantfeliu.com\/es\/wp-json\/wp\/v2\/comments?post=1219"}],"version-history":[{"count":0,"href":"https:\/\/www.autoescolasantfeliu.com\/es\/wp-json\/wp\/v2\/posts\/1219\/revisions"}],"wp:featuredmedia":[{"embeddable":true,"href":"https:\/\/www.autoescolasantfeliu.com\/es\/wp-json\/wp\/v2\/media\/1228"}],"wp:attachment":[{"href":"https:\/\/www.autoescolasantfeliu.com\/es\/wp-json\/wp\/v2\/media?parent=1219"}],"wp:term":[{"taxonomy":"category","embeddable":true,"href":"https:\/\/www.autoescolasantfeliu.com\/es\/wp-json\/wp\/v2\/categories?post=1219"},{"taxonomy":"post_tag","embeddable":true,"href":"https:\/\/www.autoescolasantfeliu.com\/es\/wp-json\/wp\/v2\/tags?post=1219"}],"curies":[{"name":"wp","href":"https:\/\/api.w.org\/{rel}","templated":true}]}}