{"id":1206,"date":"2019-07-27T18:47:08","date_gmt":"2019-07-27T16:47:08","guid":{"rendered":"https:\/\/www.autoescolasantfeliu.com\/?p=1206"},"modified":"2021-03-14T21:24:09","modified_gmt":"2021-03-14T20:24:09","slug":"prepara-el-teu-cotxe-per-a-lonada-de-calor","status":"publish","type":"post","link":"https:\/\/www.autoescolasantfeliu.com\/es\/prepara-el-teu-cotxe-per-a-lonada-de-calor\/","title":{"rendered":"\u00a1Prepara tu coche para la ola de calor!"},"content":{"rendered":"<p><\/p>\n<p style=\"text-align: justify;\">La\u00a0<strong>ola de calor que estamos sufriendo <\/strong>afecta a cualquier actividad que se haga al aire libre, incluida la\u00a0<strong>conducci\u00f3n de veh\u00edculos<\/strong>. La subida de las temperaturas hasta niveles cercanos a los 40 grados o incluso por encima en algunos lugares m\u00e1s castigados por la ola coincide con los\u00a0<strong>viajes de la operaci\u00f3n salida de vacaciones<\/strong>, por lo que vale la pena prepararse para aguantar el calor y los efectos colaterales que tiene en desplazamientos largos como los de estos d\u00edas.<\/p>\n<h3>El aceite, en riesgo<\/h3>\n<p style=\"text-align: justify;\">Las temperaturas elevadas que tiene que soportar el aceite de un motor durante el proceso de combusti\u00f3n son todav\u00eda m\u00e1s desafiantes en episodios en los que la temperatura ambiente supera los 40 grados. La evaporaci\u00f3n que se suele producir de una parte del lubricante del motor aumenta su intensidad, por lo que es recomendable revisar el nivel de aceite del motor manualmente o a trav\u00e9s de los avisos electr\u00f3nicos. Este efecto de la evaporaci\u00f3n es m\u00e1s acusado en las motos debido a la poca cantidad de aceite que cabe en el c\u00e1rter del veh\u00edculo.<\/p>\n<h3>Efecto del calor en los neum\u00e1ticos<\/h3>\n<p style=\"text-align: justify;\">Los neum\u00e1ticos est\u00e1n llenos de aire que tambi\u00e9n resulta afectado por el calor al sufrir una mayor dilataci\u00f3n. Por eso, los expertos recomiendan llevar los neum\u00e1ticos con la presi\u00f3n m\u00ednima en verano, en funci\u00f3n del nivel de carga, para evitar pinchazos o reventones.<\/p>\n<h3>M\u00e1s temperatura, menos potencia<\/h3>\n<p style=\"text-align: justify;\">La refrigeraci\u00f3n del motor es fundamental en viajes con una temperatura elevada como los de esta ola de calor. Por eso, es fundamental verificar el nivel del l\u00edquido de refrigeraci\u00f3n para evitar que se recaliente m\u00e1s de lo normal el motor. Sin embargo, la elevada temperatura tiene un efecto de p\u00e9rdida de potencia en el motor que puede llegar a un 15%, seg\u00fan algunos expertos.<\/p>\n<h3>Frenos sensibles<\/h3>\n<p style=\"text-align: justify;\">Es probable que los conductores aprecien que cuesta un poco m\u00e1s frenar con el coche circulando en un d\u00eda t\u00f3rrido. El l\u00edquido de frenos y los discos tambi\u00e9n son sensibles a la temperatura y pueden provocar una p\u00e9rdida de eficacia.<\/p>\n<h3>Climatizaci\u00f3n al l\u00edmite<\/h3>\n<p style=\"text-align: justify;\">Un viaje de varias horas a 40 grados de temperatura ambiente es una prueba de fuego para el aire acondicionado de un coche. El sistema de climatizaci\u00f3n tendr\u00e1 que trabajar a tope aumentando el gasto de carburante hasta un 20% si se reduce la temperatura interior del veh\u00edculo a menos de 20 grados. El problema es que si el aire acondicionado no funciona correctamente por un fallo interno o porque no dispone de la carga de gas necesaria, entonces habr\u00e1 que forzarlo\u00a0todav\u00eda m\u00e1s para intentar que el coche no se caliente demasiado.<\/p>\n<p style=\"text-align: justify;\">Ya sabes, el calor no s\u00f3lo afecta al conductor, tambi\u00e9n al veh\u00edculo. As\u00ed que ten especial cuidado con estos puntos y no olvides hacer tu revisi\u00f3n antes de marchar de viaje.<\/p>\n<p><strong>\u00a1Porque un buen conductor debe estar en todo!<\/strong><\/p>\n<p><a href=\"https:\/\/www.autoescolasantfeliu.com\/wp-content\/uploads\/2019\/07\/Prepara-el-teu-cotxe-per-lonada-de-calor.jpg\"><img fetchpriority=\"high\" decoding=\"async\" class=\"aligncenter size-full wp-image-1208\" src=\"https:\/\/www.autoescolasantfeliu.com\/wp-content\/uploads\/2019\/07\/Prepara-el-teu-cotxe-per-lonada-de-calor.jpg\" alt=\"Prepara el teu cotxe per l'onada de calor | Autoescola Sant Feliu\" width=\"1200\" height=\"625\" srcset=\"https:\/\/www.autoescolasantfeliu.com\/wp-content\/uploads\/2019\/07\/Prepara-el-teu-cotxe-per-lonada-de-calor.jpg 1200w, https:\/\/www.autoescolasantfeliu.com\/wp-content\/uploads\/2019\/07\/Prepara-el-teu-cotxe-per-lonada-de-calor-300x156.jpg 300w, https:\/\/www.autoescolasantfeliu.com\/wp-content\/uploads\/2019\/07\/Prepara-el-teu-cotxe-per-lonada-de-calor-768x400.jpg 768w, https:\/\/www.autoescolasantfeliu.com\/wp-content\/uploads\/2019\/07\/Prepara-el-teu-cotxe-per-lonada-de-calor-1024x533.jpg 1024w\" sizes=\"(max-width: 1200px) 100vw, 1200px\" \/><\/a><\/p>","protected":false},"excerpt":{"rendered":"<p style=\"text-align: justify;\">La ola de calor que nos afecta coincide con los viajes de la operaci\u00f3n salida de vacaciones, por lo que vale la pena prepararse para aguantar el calor y los efectos colaterales que tiene en desplazamientos largos como los de estos d\u00edas.<\/p>\n","protected":false},"author":1,"featured_media":1208,"comment_status":"closed","ping_status":"closed","sticky":false,"template":"","format":"standard","meta":{"footnotes":""},"categories":[1],"tags":[],"class_list":["post-1206","post","type-post","status-publish","format-standard","has-post-thumbnail","hentry","category-news"],"yoast_head":"<!-- This site is optimized with the Yoast SEO plugin v27.4 - https:\/\/yoast.com\/product\/yoast-seo-wordpress\/ -->\n<title>\u00a1Prepara tu coche para la ola de calor! - Autoescola Sant Feliu<\/title>\n<meta name=\"description\" content=\"(Espa\u00f1ol) L&#039;onada de calor afecta tamb\u00e9 a la conducci\u00f3 de vehicles.Cal preparar-se per a aguantar la calor en despla\u00e7aments llargs com els d&#039;aquests dies.\" \/>\n<meta name=\"robots\" content=\"index, follow, max-snippet:-1, max-image-preview:large, max-video-preview:-1\" \/>\n<link rel=\"canonical\" href=\"https:\/\/www.autoescolasantfeliu.com\/prepara-el-teu-cotxe-per-a-lonada-de-calor\/\" \/>\n<meta property=\"og:locale\" content=\"es_ES\" \/>\n<meta property=\"og:type\" content=\"article\" \/>\n<meta property=\"og:title\" content=\"[:ca]Prepara el teu cotxe per A l&#039;onada de calor![:es]\u00a1Prepara tu coche para la ola de calor![:] - Autoescola Sant Feliu\" \/>\n<meta property=\"og:description\" content=\"(Espa\u00f1ol) L&#039;onada de calor afecta tamb\u00e9 a la conducci\u00f3 de vehicles.Cal preparar-se per a aguantar la calor en despla\u00e7aments llargs com els d&#039;aquests dies.\" \/>\n<meta property=\"og:url\" content=\"https:\/\/www.autoescolasantfeliu.com\/prepara-el-teu-cotxe-per-a-lonada-de-calor\/\" \/>\n<meta property=\"og:site_name\" content=\"Autoescola Sant Feliu\" \/>\n<meta property=\"article:publisher\" content=\"https:\/\/www.facebook.com\/autoescolastfeliu\/?ref=br_rs\" \/>\n<meta property=\"article:published_time\" content=\"2019-07-27T16:47:08+00:00\" \/>\n<meta property=\"article:modified_time\" content=\"2021-03-14T20:24:09+00:00\" \/>\n<meta property=\"og:image\" content=\"https:\/\/www.autoescolasantfeliu.com\/wp-content\/uploads\/2019\/07\/Prepara-el-teu-cotxe-per-lonada-de-calor.jpg\" \/>\n\t<meta property=\"og:image:width\" content=\"1200\" \/>\n\t<meta property=\"og:image:height\" content=\"625\" \/>\n\t<meta property=\"og:image:type\" content=\"image\/jpeg\" \/>\n<meta name=\"author\" content=\"Autoescola Sant Feliu\" \/>\n<meta name=\"twitter:card\" content=\"summary_large_image\" \/>\n<meta name=\"twitter:label1\" content=\"Escrito por\" \/>\n\t<meta name=\"twitter:data1\" content=\"Autoescola Sant Feliu\" \/>\n\t<meta name=\"twitter:label2\" content=\"Tiempo de lectura\" \/>\n\t<meta name=\"twitter:data2\" content=\"5 minutos\" \/>\n<script type=\"application\/ld+json\" class=\"yoast-schema-graph\">{\"@context\":\"https:\\\/\\\/schema.org\",\"@graph\":[{\"@type\":\"Article\",\"@id\":\"https:\\\/\\\/www.autoescolasantfeliu.com\\\/prepara-el-teu-cotxe-per-a-lonada-de-calor\\\/#article\",\"isPartOf\":{\"@id\":\"https:\\\/\\\/www.autoescolasantfeliu.com\\\/prepara-el-teu-cotxe-per-a-lonada-de-calor\\\/\"},\"author\":{\"name\":\"Autoescola Sant Feliu\",\"@id\":\"https:\\\/\\\/www.autoescolasantfeliu.com\\\/#\\\/schema\\\/person\\\/e215cfaecdd132a6fe01e728f517c13b\"},\"headline\":\"\u00a1Prepara tu coche para la ola de calor!\",\"datePublished\":\"2019-07-27T16:47:08+00:00\",\"dateModified\":\"2021-03-14T20:24:09+00:00\",\"mainEntityOfPage\":{\"@id\":\"https:\\\/\\\/www.autoescolasantfeliu.com\\\/prepara-el-teu-cotxe-per-a-lonada-de-calor\\\/\"},\"wordCount\":1055,\"publisher\":{\"@id\":\"https:\\\/\\\/www.autoescolasantfeliu.com\\\/#organization\"},\"image\":{\"@id\":\"https:\\\/\\\/www.autoescolasantfeliu.com\\\/prepara-el-teu-cotxe-per-a-lonada-de-calor\\\/#primaryimage\"},\"thumbnailUrl\":\"https:\\\/\\\/www.autoescolasantfeliu.com\\\/wp-content\\\/uploads\\\/2019\\\/07\\\/Prepara-el-teu-cotxe-per-lonada-de-calor.jpg\",\"articleSection\":[\"Noticias\"],\"inLanguage\":\"es\"},{\"@type\":\"WebPage\",\"@id\":\"https:\\\/\\\/www.autoescolasantfeliu.com\\\/prepara-el-teu-cotxe-per-a-lonada-de-calor\\\/\",\"url\":\"https:\\\/\\\/www.autoescolasantfeliu.com\\\/prepara-el-teu-cotxe-per-a-lonada-de-calor\\\/\",\"name\":\"[:ca]Prepara el teu cotxe per A l'onada de calor![:es]\u00a1Prepara tu coche para la ola de calor![:] - Autoescola Sant Feliu\",\"isPartOf\":{\"@id\":\"https:\\\/\\\/www.autoescolasantfeliu.com\\\/#website\"},\"primaryImageOfPage\":{\"@id\":\"https:\\\/\\\/www.autoescolasantfeliu.com\\\/prepara-el-teu-cotxe-per-a-lonada-de-calor\\\/#primaryimage\"},\"image\":{\"@id\":\"https:\\\/\\\/www.autoescolasantfeliu.com\\\/prepara-el-teu-cotxe-per-a-lonada-de-calor\\\/#primaryimage\"},\"thumbnailUrl\":\"https:\\\/\\\/www.autoescolasantfeliu.com\\\/wp-content\\\/uploads\\\/2019\\\/07\\\/Prepara-el-teu-cotxe-per-lonada-de-calor.jpg\",\"datePublished\":\"2019-07-27T16:47:08+00:00\",\"dateModified\":\"2021-03-14T20:24:09+00:00\",\"description\":\"(Espa\u00f1ol) L'onada de calor afecta tamb\u00e9 a la conducci\u00f3 de vehicles.Cal preparar-se per a aguantar la calor en despla\u00e7aments llargs com els d'aquests dies.\",\"breadcrumb\":{\"@id\":\"https:\\\/\\\/www.autoescolasantfeliu.com\\\/prepara-el-teu-cotxe-per-a-lonada-de-calor\\\/#breadcrumb\"},\"inLanguage\":\"es\",\"potentialAction\":[{\"@type\":\"ReadAction\",\"target\":[\"https:\\\/\\\/www.autoescolasantfeliu.com\\\/prepara-el-teu-cotxe-per-a-lonada-de-calor\\\/\"]}]},{\"@type\":\"ImageObject\",\"inLanguage\":\"es\",\"@id\":\"https:\\\/\\\/www.autoescolasantfeliu.com\\\/prepara-el-teu-cotxe-per-a-lonada-de-calor\\\/#primaryimage\",\"url\":\"https:\\\/\\\/www.autoescolasantfeliu.com\\\/wp-content\\\/uploads\\\/2019\\\/07\\\/Prepara-el-teu-cotxe-per-lonada-de-calor.jpg\",\"contentUrl\":\"https:\\\/\\\/www.autoescolasantfeliu.com\\\/wp-content\\\/uploads\\\/2019\\\/07\\\/Prepara-el-teu-cotxe-per-lonada-de-calor.jpg\",\"width\":1200,\"height\":625,\"caption\":\"Prepara el teu cotxe per l'onada de calor | Autoescola Sant Feliu\"},{\"@type\":\"BreadcrumbList\",\"@id\":\"https:\\\/\\\/www.autoescolasantfeliu.com\\\/prepara-el-teu-cotxe-per-a-lonada-de-calor\\\/#breadcrumb\",\"itemListElement\":[{\"@type\":\"ListItem\",\"position\":1,\"name\":\"Portada\",\"item\":\"https:\\\/\\\/www.autoescolasantfeliu.com\\\/\"},{\"@type\":\"ListItem\",\"position\":2,\"name\":\"Prepara el teu cotxe per A l&#8217;onada de calor!\"}]},{\"@type\":\"WebSite\",\"@id\":\"https:\\\/\\\/www.autoescolasantfeliu.com\\\/#website\",\"url\":\"https:\\\/\\\/www.autoescolasantfeliu.com\\\/\",\"name\":\"Autoescola Sant Feliu\",\"description\":\"Autoescola Sant Feliu\",\"publisher\":{\"@id\":\"https:\\\/\\\/www.autoescolasantfeliu.com\\\/#organization\"},\"potentialAction\":[{\"@type\":\"SearchAction\",\"target\":{\"@type\":\"EntryPoint\",\"urlTemplate\":\"https:\\\/\\\/www.autoescolasantfeliu.com\\\/?s={search_term_string}\"},\"query-input\":{\"@type\":\"PropertyValueSpecification\",\"valueRequired\":true,\"valueName\":\"search_term_string\"}}],\"inLanguage\":\"es\"},{\"@type\":\"Organization\",\"@id\":\"https:\\\/\\\/www.autoescolasantfeliu.com\\\/#organization\",\"name\":\"Autoescola Sant Feliu\",\"url\":\"https:\\\/\\\/www.autoescolasantfeliu.com\\\/\",\"logo\":{\"@type\":\"ImageObject\",\"inLanguage\":\"es\",\"@id\":\"https:\\\/\\\/www.autoescolasantfeliu.com\\\/#\\\/schema\\\/logo\\\/image\\\/\",\"url\":\"https:\\\/\\\/www.autoescolasantfeliu.com\\\/wp-content\\\/uploads\\\/2018\\\/11\\\/Autoescola-Sant-Feliu-Logo.png\",\"contentUrl\":\"https:\\\/\\\/www.autoescolasantfeliu.com\\\/wp-content\\\/uploads\\\/2018\\\/11\\\/Autoescola-Sant-Feliu-Logo.png\",\"width\":450,\"height\":65,\"caption\":\"Autoescola Sant Feliu\"},\"image\":{\"@id\":\"https:\\\/\\\/www.autoescolasantfeliu.com\\\/#\\\/schema\\\/logo\\\/image\\\/\"},\"sameAs\":[\"https:\\\/\\\/www.facebook.com\\\/autoescolastfeliu\\\/?ref=br_rs\",\"https:\\\/\\\/www.instagram.com\\\/autoescolasantfeliuaesf\\\/\"]},{\"@type\":\"Person\",\"@id\":\"https:\\\/\\\/www.autoescolasantfeliu.com\\\/#\\\/schema\\\/person\\\/e215cfaecdd132a6fe01e728f517c13b\",\"name\":\"Autoescola Sant Feliu\"}]}<\/script>\n<!-- \/ Yoast SEO plugin. -->","yoast_head_json":{"title":"[:ca]Prepara el teu cotxe per A l'onada de calor![:es]\u00a1Prepara tu coche para la ola de calor![:] - Autoescola Sant Feliu","description":"(Espa\u00f1ol) L'onada de calor afecta tamb\u00e9 a la conducci\u00f3 de vehicles.Cal preparar-se per a aguantar la calor en despla\u00e7aments llargs com els d'aquests dies.","robots":{"index":"index","follow":"follow","max-snippet":"max-snippet:-1","max-image-preview":"max-image-preview:large","max-video-preview":"max-video-preview:-1"},"canonical":"https:\/\/www.autoescolasantfeliu.com\/prepara-el-teu-cotxe-per-a-lonada-de-calor\/","og_locale":"es_ES","og_type":"article","og_title":"[:ca]Prepara el teu cotxe per A l'onada de calor![:es]\u00a1Prepara tu coche para la ola de calor![:] - Autoescola Sant Feliu","og_description":"(Espa\u00f1ol) L'onada de calor afecta tamb\u00e9 a la conducci\u00f3 de vehicles.Cal preparar-se per a aguantar la calor en despla\u00e7aments llargs com els d'aquests dies.","og_url":"https:\/\/www.autoescolasantfeliu.com\/prepara-el-teu-cotxe-per-a-lonada-de-calor\/","og_site_name":"Autoescola Sant Feliu","article_publisher":"https:\/\/www.facebook.com\/autoescolastfeliu\/?ref=br_rs","article_published_time":"2019-07-27T16:47:08+00:00","article_modified_time":"2021-03-14T20:24:09+00:00","og_image":[{"width":1200,"height":625,"url":"https:\/\/www.autoescolasantfeliu.com\/wp-content\/uploads\/2019\/07\/Prepara-el-teu-cotxe-per-lonada-de-calor.jpg","type":"image\/jpeg"}],"author":"Autoescola Sant Feliu","twitter_card":"summary_large_image","twitter_misc":{"Escrito por":"Autoescola Sant Feliu","Tiempo de lectura":"5 minutos"},"schema":{"@context":"https:\/\/schema.org","@graph":[{"@type":"Article","@id":"https:\/\/www.autoescolasantfeliu.com\/prepara-el-teu-cotxe-per-a-lonada-de-calor\/#article","isPartOf":{"@id":"https:\/\/www.autoescolasantfeliu.com\/prepara-el-teu-cotxe-per-a-lonada-de-calor\/"},"author":{"name":"Autoescola Sant Feliu","@id":"https:\/\/www.autoescolasantfeliu.com\/#\/schema\/person\/e215cfaecdd132a6fe01e728f517c13b"},"headline":"\u00a1Prepara tu coche para la ola de calor!","datePublished":"2019-07-27T16:47:08+00:00","dateModified":"2021-03-14T20:24:09+00:00","mainEntityOfPage":{"@id":"https:\/\/www.autoescolasantfeliu.com\/prepara-el-teu-cotxe-per-a-lonada-de-calor\/"},"wordCount":1055,"publisher":{"@id":"https:\/\/www.autoescolasantfeliu.com\/#organization"},"image":{"@id":"https:\/\/www.autoescolasantfeliu.com\/prepara-el-teu-cotxe-per-a-lonada-de-calor\/#primaryimage"},"thumbnailUrl":"https:\/\/www.autoescolasantfeliu.com\/wp-content\/uploads\/2019\/07\/Prepara-el-teu-cotxe-per-lonada-de-calor.jpg","articleSection":["Noticias"],"inLanguage":"es"},{"@type":"WebPage","@id":"https:\/\/www.autoescolasantfeliu.com\/prepara-el-teu-cotxe-per-a-lonada-de-calor\/","url":"https:\/\/www.autoescolasantfeliu.com\/prepara-el-teu-cotxe-per-a-lonada-de-calor\/","name":"[:ca]Prepara el teu cotxe per A l'onada de calor![:es]\u00a1Prepara tu coche para la ola de calor![:] - Autoescola Sant Feliu","isPartOf":{"@id":"https:\/\/www.autoescolasantfeliu.com\/#website"},"primaryImageOfPage":{"@id":"https:\/\/www.autoescolasantfeliu.com\/prepara-el-teu-cotxe-per-a-lonada-de-calor\/#primaryimage"},"image":{"@id":"https:\/\/www.autoescolasantfeliu.com\/prepara-el-teu-cotxe-per-a-lonada-de-calor\/#primaryimage"},"thumbnailUrl":"https:\/\/www.autoescolasantfeliu.com\/wp-content\/uploads\/2019\/07\/Prepara-el-teu-cotxe-per-lonada-de-calor.jpg","datePublished":"2019-07-27T16:47:08+00:00","dateModified":"2021-03-14T20:24:09+00:00","description":"(Espa\u00f1ol) L'onada de calor afecta tamb\u00e9 a la conducci\u00f3 de vehicles.Cal preparar-se per a aguantar la calor en despla\u00e7aments llargs com els d'aquests dies.","breadcrumb":{"@id":"https:\/\/www.autoescolasantfeliu.com\/prepara-el-teu-cotxe-per-a-lonada-de-calor\/#breadcrumb"},"inLanguage":"es","potentialAction":[{"@type":"ReadAction","target":["https:\/\/www.autoescolasantfeliu.com\/prepara-el-teu-cotxe-per-a-lonada-de-calor\/"]}]},{"@type":"ImageObject","inLanguage":"es","@id":"https:\/\/www.autoescolasantfeliu.com\/prepara-el-teu-cotxe-per-a-lonada-de-calor\/#primaryimage","url":"https:\/\/www.autoescolasantfeliu.com\/wp-content\/uploads\/2019\/07\/Prepara-el-teu-cotxe-per-lonada-de-calor.jpg","contentUrl":"https:\/\/www.autoescolasantfeliu.com\/wp-content\/uploads\/2019\/07\/Prepara-el-teu-cotxe-per-lonada-de-calor.jpg","width":1200,"height":625,"caption":"Prepara el teu cotxe per l'onada de calor | Autoescola Sant Feliu"},{"@type":"BreadcrumbList","@id":"https:\/\/www.autoescolasantfeliu.com\/prepara-el-teu-cotxe-per-a-lonada-de-calor\/#breadcrumb","itemListElement":[{"@type":"ListItem","position":1,"name":"Portada","item":"https:\/\/www.autoescolasantfeliu.com\/"},{"@type":"ListItem","position":2,"name":"Prepara el teu cotxe per A l&#8217;onada de calor!"}]},{"@type":"WebSite","@id":"https:\/\/www.autoescolasantfeliu.com\/#website","url":"https:\/\/www.autoescolasantfeliu.com\/","name":"Autoescola Sant Feliu","description":"Autoescola Sant Feliu","publisher":{"@id":"https:\/\/www.autoescolasantfeliu.com\/#organization"},"potentialAction":[{"@type":"SearchAction","target":{"@type":"EntryPoint","urlTemplate":"https:\/\/www.autoescolasantfeliu.com\/?s={search_term_string}"},"query-input":{"@type":"PropertyValueSpecification","valueRequired":true,"valueName":"search_term_string"}}],"inLanguage":"es"},{"@type":"Organization","@id":"https:\/\/www.autoescolasantfeliu.com\/#organization","name":"Autoescola Sant Feliu","url":"https:\/\/www.autoescolasantfeliu.com\/","logo":{"@type":"ImageObject","inLanguage":"es","@id":"https:\/\/www.autoescolasantfeliu.com\/#\/schema\/logo\/image\/","url":"https:\/\/www.autoescolasantfeliu.com\/wp-content\/uploads\/2018\/11\/Autoescola-Sant-Feliu-Logo.png","contentUrl":"https:\/\/www.autoescolasantfeliu.com\/wp-content\/uploads\/2018\/11\/Autoescola-Sant-Feliu-Logo.png","width":450,"height":65,"caption":"Autoescola Sant Feliu"},"image":{"@id":"https:\/\/www.autoescolasantfeliu.com\/#\/schema\/logo\/image\/"},"sameAs":["https:\/\/www.facebook.com\/autoescolastfeliu\/?ref=br_rs","https:\/\/www.instagram.com\/autoescolasantfeliuaesf\/"]},{"@type":"Person","@id":"https:\/\/www.autoescolasantfeliu.com\/#\/schema\/person\/e215cfaecdd132a6fe01e728f517c13b","name":"Autoescola Sant Feliu"}]}},"_links":{"self":[{"href":"https:\/\/www.autoescolasantfeliu.com\/es\/wp-json\/wp\/v2\/posts\/1206","targetHints":{"allow":["GET"]}}],"collection":[{"href":"https:\/\/www.autoescolasantfeliu.com\/es\/wp-json\/wp\/v2\/posts"}],"about":[{"href":"https:\/\/www.autoescolasantfeliu.com\/es\/wp-json\/wp\/v2\/types\/post"}],"author":[{"embeddable":true,"href":"https:\/\/www.autoescolasantfeliu.com\/es\/wp-json\/wp\/v2\/users\/1"}],"replies":[{"embeddable":true,"href":"https:\/\/www.autoescolasantfeliu.com\/es\/wp-json\/wp\/v2\/comments?post=1206"}],"version-history":[{"count":0,"href":"https:\/\/www.autoescolasantfeliu.com\/es\/wp-json\/wp\/v2\/posts\/1206\/revisions"}],"wp:featuredmedia":[{"embeddable":true,"href":"https:\/\/www.autoescolasantfeliu.com\/es\/wp-json\/wp\/v2\/media\/1208"}],"wp:attachment":[{"href":"https:\/\/www.autoescolasantfeliu.com\/es\/wp-json\/wp\/v2\/media?parent=1206"}],"wp:term":[{"taxonomy":"category","embeddable":true,"href":"https:\/\/www.autoescolasantfeliu.com\/es\/wp-json\/wp\/v2\/categories?post=1206"},{"taxonomy":"post_tag","embeddable":true,"href":"https:\/\/www.autoescolasantfeliu.com\/es\/wp-json\/wp\/v2\/tags?post=1206"}],"curies":[{"name":"wp","href":"https:\/\/api.w.org\/{rel}","templated":true}]}}