{"id":1186,"date":"2019-06-08T10:57:22","date_gmt":"2019-06-08T08:57:22","guid":{"rendered":"https:\/\/www.autoescolasantfeliu.com\/?p=1186"},"modified":"2021-03-14T21:24:57","modified_gmt":"2021-03-14T20:24:57","slug":"vehicles-equipats-amb-noves-tecnologies-per-a-salvar-vides","status":"publish","type":"post","link":"https:\/\/www.autoescolasantfeliu.com\/es\/vehicles-equipats-amb-noves-tecnologies-per-a-salvar-vides\/","title":{"rendered":"Veh\u00edculos equipados con nuevas tecnolog\u00edas para salvar vidas"},"content":{"rendered":"<p><\/p>\n<p style=\"text-align: justify;\">Los <strong>nuevos veh\u00edculos<\/strong> vendidos en la UE <strong>a partir de mayo de 2022<\/strong> tendr\u00e1n que venir equipados con <strong>asistentes de velocidad inteligentes<\/strong> y <strong>sistemas avanzados de frenado de emergencia<\/strong>.<\/p>\n<p style=\"text-align: justify;\">Y es que las nuevas tecnolog\u00edas se imponen: <strong>todos los nuevos coches, furgonetas, camiones y autobuses deber\u00e1n llevar de serie estos dispositivos<\/strong>.<\/p>\n<p style=\"text-align: justify;\">Se calcula que el asistente de velocidad inteligente podr\u00eda <strong>reducir las muertes en la carretera en un 20%<\/strong>. El sistema alerta al conductor en caso de superar los l\u00edmites de velocidad. No se trata de un limitador de velocidad y el conductor tendr\u00e1 la opci\u00f3n de desactivarlo.<\/p>\n<p style=\"text-align: justify;\">Los coches tambi\u00e9n deber\u00e1n ir equipados con mecanismos de frenado inteligente, sistemas avanzados de advertencia por distracci\u00f3n, de mantenimiento de carril, de detecci\u00f3n de marcha atr\u00e1s, se\u00f1al de frenado de emergencia, y un <strong>registrador de datos de accidentes \u201ccaja negra\u201d<\/strong>.<\/p>\n<p style=\"text-align: justify;\">Una serie de medidas para evitar reducir los accidentes en nuestras carreteras, esperemos sean todo lo efectivas posibles. Pero recuerda, <strong>son s\u00f3lo una ayuda: quien est\u00e1 al volante siempre ser\u00e1s t\u00fa<\/strong>.<\/p>\n<p><a href=\"https:\/\/www.autoescolasantfeliu.com\/wp-content\/uploads\/2019\/06\/Noves-tecnologies-seguretat-vial.jpg\"><img fetchpriority=\"high\" decoding=\"async\" class=\"aligncenter size-full wp-image-1187\" src=\"https:\/\/www.autoescolasantfeliu.com\/wp-content\/uploads\/2019\/06\/Noves-tecnologies-seguretat-vial.jpg\" alt=\"Noves tecnologies seguretat vial | Autoescola Sant Feliu\" width=\"1200\" height=\"654\" srcset=\"https:\/\/www.autoescolasantfeliu.com\/wp-content\/uploads\/2019\/06\/Noves-tecnologies-seguretat-vial.jpg 1200w, https:\/\/www.autoescolasantfeliu.com\/wp-content\/uploads\/2019\/06\/Noves-tecnologies-seguretat-vial-300x164.jpg 300w, https:\/\/www.autoescolasantfeliu.com\/wp-content\/uploads\/2019\/06\/Noves-tecnologies-seguretat-vial-768x419.jpg 768w, https:\/\/www.autoescolasantfeliu.com\/wp-content\/uploads\/2019\/06\/Noves-tecnologies-seguretat-vial-1024x558.jpg 1024w\" sizes=\"(max-width: 1200px) 100vw, 1200px\" \/><\/a><\/p>","protected":false},"excerpt":{"rendered":"<p style=\"text-align: justify;\">Los <strong>nuevos veh\u00edculos<\/strong> vendidos en la UE <strong>a partir de mayo de 2022<\/strong> tendr\u00e1n que venir equipados con <strong>asistentes de velocidad inteligentes<\/strong> y <strong>sistemas avanzados de frenado de emergencia<\/strong>.<\/p>\n","protected":false},"author":1,"featured_media":1187,"comment_status":"closed","ping_status":"closed","sticky":false,"template":"","format":"standard","meta":{"footnotes":""},"categories":[1],"tags":[],"class_list":["post-1186","post","type-post","status-publish","format-standard","has-post-thumbnail","hentry","category-news"],"yoast_head":"<!-- This site is optimized with the Yoast SEO plugin v27.5 - https:\/\/yoast.com\/product\/yoast-seo-wordpress\/ -->\n<title>Veh\u00edculos equipados con nuevas tecnolog\u00edas para salvar vidas - Autoescola Sant Feliu<\/title>\n<meta name=\"description\" content=\"A partir de maig de 2022 els vehicles hauran de venir equipats amb assistents de velocitat intel\u00b7ligents i sistemes avan\u00e7ats de frenat d&#039;emerg\u00e8ncia.\" \/>\n<meta name=\"robots\" content=\"index, follow, max-snippet:-1, max-image-preview:large, max-video-preview:-1\" \/>\n<link rel=\"canonical\" href=\"https:\/\/www.autoescolasantfeliu.com\/vehicles-equipats-amb-noves-tecnologies-per-a-salvar-vides\/\" \/>\n<meta property=\"og:locale\" content=\"es_ES\" \/>\n<meta property=\"og:type\" content=\"article\" \/>\n<meta property=\"og:title\" content=\"[:ca]Vehicles equipats amb noves tecnologies per a salvar vides[:es]Veh\u00edculos equipados con nuevas tecnolog\u00edas para salvar vidas[:] - Autoescola Sant Feliu\" \/>\n<meta property=\"og:description\" content=\"A partir de maig de 2022 els vehicles hauran de venir equipats amb assistents de velocitat intel\u00b7ligents i sistemes avan\u00e7ats de frenat d&#039;emerg\u00e8ncia.\" \/>\n<meta property=\"og:url\" content=\"https:\/\/www.autoescolasantfeliu.com\/vehicles-equipats-amb-noves-tecnologies-per-a-salvar-vides\/\" \/>\n<meta property=\"og:site_name\" content=\"Autoescola Sant Feliu\" \/>\n<meta property=\"article:publisher\" content=\"https:\/\/www.facebook.com\/autoescolastfeliu\/?ref=br_rs\" \/>\n<meta property=\"article:published_time\" content=\"2019-06-08T08:57:22+00:00\" \/>\n<meta property=\"article:modified_time\" content=\"2021-03-14T20:24:57+00:00\" \/>\n<meta property=\"og:image\" content=\"https:\/\/www.autoescolasantfeliu.com\/wp-content\/uploads\/2019\/06\/Noves-tecnologies-seguretat-vial.jpg\" \/>\n\t<meta property=\"og:image:width\" content=\"1200\" \/>\n\t<meta property=\"og:image:height\" content=\"654\" \/>\n\t<meta property=\"og:image:type\" content=\"image\/jpeg\" \/>\n<meta name=\"author\" content=\"Autoescola Sant Feliu\" \/>\n<meta name=\"twitter:card\" content=\"summary_large_image\" \/>\n<meta name=\"twitter:label1\" content=\"Escrito por\" \/>\n\t<meta name=\"twitter:data1\" content=\"Autoescola Sant Feliu\" \/>\n\t<meta name=\"twitter:label2\" content=\"Tiempo de lectura\" \/>\n\t<meta name=\"twitter:data2\" content=\"2 minutos\" \/>\n<script type=\"application\/ld+json\" class=\"yoast-schema-graph\">{\"@context\":\"https:\\\/\\\/schema.org\",\"@graph\":[{\"@type\":\"Article\",\"@id\":\"https:\\\/\\\/www.autoescolasantfeliu.com\\\/vehicles-equipats-amb-noves-tecnologies-per-a-salvar-vides\\\/#article\",\"isPartOf\":{\"@id\":\"https:\\\/\\\/www.autoescolasantfeliu.com\\\/vehicles-equipats-amb-noves-tecnologies-per-a-salvar-vides\\\/\"},\"author\":{\"name\":\"Autoescola Sant Feliu\",\"@id\":\"https:\\\/\\\/www.autoescolasantfeliu.com\\\/#\\\/schema\\\/person\\\/e215cfaecdd132a6fe01e728f517c13b\"},\"headline\":\"Veh\u00edculos equipados con nuevas tecnolog\u00edas para salvar vidas\",\"datePublished\":\"2019-06-08T08:57:22+00:00\",\"dateModified\":\"2021-03-14T20:24:57+00:00\",\"mainEntityOfPage\":{\"@id\":\"https:\\\/\\\/www.autoescolasantfeliu.com\\\/vehicles-equipats-amb-noves-tecnologies-per-a-salvar-vides\\\/\"},\"wordCount\":390,\"publisher\":{\"@id\":\"https:\\\/\\\/www.autoescolasantfeliu.com\\\/#organization\"},\"image\":{\"@id\":\"https:\\\/\\\/www.autoescolasantfeliu.com\\\/vehicles-equipats-amb-noves-tecnologies-per-a-salvar-vides\\\/#primaryimage\"},\"thumbnailUrl\":\"https:\\\/\\\/www.autoescolasantfeliu.com\\\/wp-content\\\/uploads\\\/2019\\\/06\\\/Noves-tecnologies-seguretat-vial.jpg\",\"articleSection\":[\"Noticias\"],\"inLanguage\":\"es\"},{\"@type\":\"WebPage\",\"@id\":\"https:\\\/\\\/www.autoescolasantfeliu.com\\\/vehicles-equipats-amb-noves-tecnologies-per-a-salvar-vides\\\/\",\"url\":\"https:\\\/\\\/www.autoescolasantfeliu.com\\\/vehicles-equipats-amb-noves-tecnologies-per-a-salvar-vides\\\/\",\"name\":\"[:ca]Vehicles equipats amb noves tecnologies per a salvar vides[:es]Veh\u00edculos equipados con nuevas tecnolog\u00edas para salvar vidas[:] - Autoescola Sant Feliu\",\"isPartOf\":{\"@id\":\"https:\\\/\\\/www.autoescolasantfeliu.com\\\/#website\"},\"primaryImageOfPage\":{\"@id\":\"https:\\\/\\\/www.autoescolasantfeliu.com\\\/vehicles-equipats-amb-noves-tecnologies-per-a-salvar-vides\\\/#primaryimage\"},\"image\":{\"@id\":\"https:\\\/\\\/www.autoescolasantfeliu.com\\\/vehicles-equipats-amb-noves-tecnologies-per-a-salvar-vides\\\/#primaryimage\"},\"thumbnailUrl\":\"https:\\\/\\\/www.autoescolasantfeliu.com\\\/wp-content\\\/uploads\\\/2019\\\/06\\\/Noves-tecnologies-seguretat-vial.jpg\",\"datePublished\":\"2019-06-08T08:57:22+00:00\",\"dateModified\":\"2021-03-14T20:24:57+00:00\",\"description\":\"A partir de maig de 2022 els vehicles hauran de venir equipats amb assistents de velocitat intel\u00b7ligents i sistemes avan\u00e7ats de frenat d'emerg\u00e8ncia.\",\"breadcrumb\":{\"@id\":\"https:\\\/\\\/www.autoescolasantfeliu.com\\\/vehicles-equipats-amb-noves-tecnologies-per-a-salvar-vides\\\/#breadcrumb\"},\"inLanguage\":\"es\",\"potentialAction\":[{\"@type\":\"ReadAction\",\"target\":[\"https:\\\/\\\/www.autoescolasantfeliu.com\\\/vehicles-equipats-amb-noves-tecnologies-per-a-salvar-vides\\\/\"]}]},{\"@type\":\"ImageObject\",\"inLanguage\":\"es\",\"@id\":\"https:\\\/\\\/www.autoescolasantfeliu.com\\\/vehicles-equipats-amb-noves-tecnologies-per-a-salvar-vides\\\/#primaryimage\",\"url\":\"https:\\\/\\\/www.autoescolasantfeliu.com\\\/wp-content\\\/uploads\\\/2019\\\/06\\\/Noves-tecnologies-seguretat-vial.jpg\",\"contentUrl\":\"https:\\\/\\\/www.autoescolasantfeliu.com\\\/wp-content\\\/uploads\\\/2019\\\/06\\\/Noves-tecnologies-seguretat-vial.jpg\",\"width\":1200,\"height\":654,\"caption\":\"Noves tecnologies seguretat vial | Autoescola Sant Feliu\"},{\"@type\":\"BreadcrumbList\",\"@id\":\"https:\\\/\\\/www.autoescolasantfeliu.com\\\/vehicles-equipats-amb-noves-tecnologies-per-a-salvar-vides\\\/#breadcrumb\",\"itemListElement\":[{\"@type\":\"ListItem\",\"position\":1,\"name\":\"Portada\",\"item\":\"https:\\\/\\\/www.autoescolasantfeliu.com\\\/\"},{\"@type\":\"ListItem\",\"position\":2,\"name\":\"Vehicles equipats amb noves tecnologies per a salvar vides\"}]},{\"@type\":\"WebSite\",\"@id\":\"https:\\\/\\\/www.autoescolasantfeliu.com\\\/#website\",\"url\":\"https:\\\/\\\/www.autoescolasantfeliu.com\\\/\",\"name\":\"Autoescola Sant Feliu\",\"description\":\"Autoescola Sant Feliu\",\"publisher\":{\"@id\":\"https:\\\/\\\/www.autoescolasantfeliu.com\\\/#organization\"},\"potentialAction\":[{\"@type\":\"SearchAction\",\"target\":{\"@type\":\"EntryPoint\",\"urlTemplate\":\"https:\\\/\\\/www.autoescolasantfeliu.com\\\/?s={search_term_string}\"},\"query-input\":{\"@type\":\"PropertyValueSpecification\",\"valueRequired\":true,\"valueName\":\"search_term_string\"}}],\"inLanguage\":\"es\"},{\"@type\":\"Organization\",\"@id\":\"https:\\\/\\\/www.autoescolasantfeliu.com\\\/#organization\",\"name\":\"Autoescola Sant Feliu\",\"url\":\"https:\\\/\\\/www.autoescolasantfeliu.com\\\/\",\"logo\":{\"@type\":\"ImageObject\",\"inLanguage\":\"es\",\"@id\":\"https:\\\/\\\/www.autoescolasantfeliu.com\\\/#\\\/schema\\\/logo\\\/image\\\/\",\"url\":\"https:\\\/\\\/www.autoescolasantfeliu.com\\\/wp-content\\\/uploads\\\/2018\\\/11\\\/Autoescola-Sant-Feliu-Logo.png\",\"contentUrl\":\"https:\\\/\\\/www.autoescolasantfeliu.com\\\/wp-content\\\/uploads\\\/2018\\\/11\\\/Autoescola-Sant-Feliu-Logo.png\",\"width\":450,\"height\":65,\"caption\":\"Autoescola Sant Feliu\"},\"image\":{\"@id\":\"https:\\\/\\\/www.autoescolasantfeliu.com\\\/#\\\/schema\\\/logo\\\/image\\\/\"},\"sameAs\":[\"https:\\\/\\\/www.facebook.com\\\/autoescolastfeliu\\\/?ref=br_rs\",\"https:\\\/\\\/www.instagram.com\\\/autoescolasantfeliuaesf\\\/\"]},{\"@type\":\"Person\",\"@id\":\"https:\\\/\\\/www.autoescolasantfeliu.com\\\/#\\\/schema\\\/person\\\/e215cfaecdd132a6fe01e728f517c13b\",\"name\":\"Autoescola Sant Feliu\"}]}<\/script>\n<!-- \/ Yoast SEO plugin. -->","yoast_head_json":{"title":"[:ca]Vehicles equipats amb noves tecnologies per a salvar vides[:es]Veh\u00edculos equipados con nuevas tecnolog\u00edas para salvar vidas[:] - Autoescola Sant Feliu","description":"A partir de maig de 2022 els vehicles hauran de venir equipats amb assistents de velocitat intel\u00b7ligents i sistemes avan\u00e7ats de frenat d'emerg\u00e8ncia.","robots":{"index":"index","follow":"follow","max-snippet":"max-snippet:-1","max-image-preview":"max-image-preview:large","max-video-preview":"max-video-preview:-1"},"canonical":"https:\/\/www.autoescolasantfeliu.com\/vehicles-equipats-amb-noves-tecnologies-per-a-salvar-vides\/","og_locale":"es_ES","og_type":"article","og_title":"[:ca]Vehicles equipats amb noves tecnologies per a salvar vides[:es]Veh\u00edculos equipados con nuevas tecnolog\u00edas para salvar vidas[:] - Autoescola Sant Feliu","og_description":"A partir de maig de 2022 els vehicles hauran de venir equipats amb assistents de velocitat intel\u00b7ligents i sistemes avan\u00e7ats de frenat d'emerg\u00e8ncia.","og_url":"https:\/\/www.autoescolasantfeliu.com\/vehicles-equipats-amb-noves-tecnologies-per-a-salvar-vides\/","og_site_name":"Autoescola Sant Feliu","article_publisher":"https:\/\/www.facebook.com\/autoescolastfeliu\/?ref=br_rs","article_published_time":"2019-06-08T08:57:22+00:00","article_modified_time":"2021-03-14T20:24:57+00:00","og_image":[{"width":1200,"height":654,"url":"https:\/\/www.autoescolasantfeliu.com\/wp-content\/uploads\/2019\/06\/Noves-tecnologies-seguretat-vial.jpg","type":"image\/jpeg"}],"author":"Autoescola Sant Feliu","twitter_card":"summary_large_image","twitter_misc":{"Escrito por":"Autoescola Sant Feliu","Tiempo de lectura":"2 minutos"},"schema":{"@context":"https:\/\/schema.org","@graph":[{"@type":"Article","@id":"https:\/\/www.autoescolasantfeliu.com\/vehicles-equipats-amb-noves-tecnologies-per-a-salvar-vides\/#article","isPartOf":{"@id":"https:\/\/www.autoescolasantfeliu.com\/vehicles-equipats-amb-noves-tecnologies-per-a-salvar-vides\/"},"author":{"name":"Autoescola Sant Feliu","@id":"https:\/\/www.autoescolasantfeliu.com\/#\/schema\/person\/e215cfaecdd132a6fe01e728f517c13b"},"headline":"Veh\u00edculos equipados con nuevas tecnolog\u00edas para salvar vidas","datePublished":"2019-06-08T08:57:22+00:00","dateModified":"2021-03-14T20:24:57+00:00","mainEntityOfPage":{"@id":"https:\/\/www.autoescolasantfeliu.com\/vehicles-equipats-amb-noves-tecnologies-per-a-salvar-vides\/"},"wordCount":390,"publisher":{"@id":"https:\/\/www.autoescolasantfeliu.com\/#organization"},"image":{"@id":"https:\/\/www.autoescolasantfeliu.com\/vehicles-equipats-amb-noves-tecnologies-per-a-salvar-vides\/#primaryimage"},"thumbnailUrl":"https:\/\/www.autoescolasantfeliu.com\/wp-content\/uploads\/2019\/06\/Noves-tecnologies-seguretat-vial.jpg","articleSection":["Noticias"],"inLanguage":"es"},{"@type":"WebPage","@id":"https:\/\/www.autoescolasantfeliu.com\/vehicles-equipats-amb-noves-tecnologies-per-a-salvar-vides\/","url":"https:\/\/www.autoescolasantfeliu.com\/vehicles-equipats-amb-noves-tecnologies-per-a-salvar-vides\/","name":"[:ca]Vehicles equipats amb noves tecnologies per a salvar vides[:es]Veh\u00edculos equipados con nuevas tecnolog\u00edas para salvar vidas[:] - Autoescola Sant Feliu","isPartOf":{"@id":"https:\/\/www.autoescolasantfeliu.com\/#website"},"primaryImageOfPage":{"@id":"https:\/\/www.autoescolasantfeliu.com\/vehicles-equipats-amb-noves-tecnologies-per-a-salvar-vides\/#primaryimage"},"image":{"@id":"https:\/\/www.autoescolasantfeliu.com\/vehicles-equipats-amb-noves-tecnologies-per-a-salvar-vides\/#primaryimage"},"thumbnailUrl":"https:\/\/www.autoescolasantfeliu.com\/wp-content\/uploads\/2019\/06\/Noves-tecnologies-seguretat-vial.jpg","datePublished":"2019-06-08T08:57:22+00:00","dateModified":"2021-03-14T20:24:57+00:00","description":"A partir de maig de 2022 els vehicles hauran de venir equipats amb assistents de velocitat intel\u00b7ligents i sistemes avan\u00e7ats de frenat d'emerg\u00e8ncia.","breadcrumb":{"@id":"https:\/\/www.autoescolasantfeliu.com\/vehicles-equipats-amb-noves-tecnologies-per-a-salvar-vides\/#breadcrumb"},"inLanguage":"es","potentialAction":[{"@type":"ReadAction","target":["https:\/\/www.autoescolasantfeliu.com\/vehicles-equipats-amb-noves-tecnologies-per-a-salvar-vides\/"]}]},{"@type":"ImageObject","inLanguage":"es","@id":"https:\/\/www.autoescolasantfeliu.com\/vehicles-equipats-amb-noves-tecnologies-per-a-salvar-vides\/#primaryimage","url":"https:\/\/www.autoescolasantfeliu.com\/wp-content\/uploads\/2019\/06\/Noves-tecnologies-seguretat-vial.jpg","contentUrl":"https:\/\/www.autoescolasantfeliu.com\/wp-content\/uploads\/2019\/06\/Noves-tecnologies-seguretat-vial.jpg","width":1200,"height":654,"caption":"Noves tecnologies seguretat vial | Autoescola Sant Feliu"},{"@type":"BreadcrumbList","@id":"https:\/\/www.autoescolasantfeliu.com\/vehicles-equipats-amb-noves-tecnologies-per-a-salvar-vides\/#breadcrumb","itemListElement":[{"@type":"ListItem","position":1,"name":"Portada","item":"https:\/\/www.autoescolasantfeliu.com\/"},{"@type":"ListItem","position":2,"name":"Vehicles equipats amb noves tecnologies per a salvar vides"}]},{"@type":"WebSite","@id":"https:\/\/www.autoescolasantfeliu.com\/#website","url":"https:\/\/www.autoescolasantfeliu.com\/","name":"Autoescola Sant Feliu","description":"Autoescola Sant Feliu","publisher":{"@id":"https:\/\/www.autoescolasantfeliu.com\/#organization"},"potentialAction":[{"@type":"SearchAction","target":{"@type":"EntryPoint","urlTemplate":"https:\/\/www.autoescolasantfeliu.com\/?s={search_term_string}"},"query-input":{"@type":"PropertyValueSpecification","valueRequired":true,"valueName":"search_term_string"}}],"inLanguage":"es"},{"@type":"Organization","@id":"https:\/\/www.autoescolasantfeliu.com\/#organization","name":"Autoescola Sant Feliu","url":"https:\/\/www.autoescolasantfeliu.com\/","logo":{"@type":"ImageObject","inLanguage":"es","@id":"https:\/\/www.autoescolasantfeliu.com\/#\/schema\/logo\/image\/","url":"https:\/\/www.autoescolasantfeliu.com\/wp-content\/uploads\/2018\/11\/Autoescola-Sant-Feliu-Logo.png","contentUrl":"https:\/\/www.autoescolasantfeliu.com\/wp-content\/uploads\/2018\/11\/Autoescola-Sant-Feliu-Logo.png","width":450,"height":65,"caption":"Autoescola Sant Feliu"},"image":{"@id":"https:\/\/www.autoescolasantfeliu.com\/#\/schema\/logo\/image\/"},"sameAs":["https:\/\/www.facebook.com\/autoescolastfeliu\/?ref=br_rs","https:\/\/www.instagram.com\/autoescolasantfeliuaesf\/"]},{"@type":"Person","@id":"https:\/\/www.autoescolasantfeliu.com\/#\/schema\/person\/e215cfaecdd132a6fe01e728f517c13b","name":"Autoescola Sant Feliu"}]}},"_links":{"self":[{"href":"https:\/\/www.autoescolasantfeliu.com\/es\/wp-json\/wp\/v2\/posts\/1186","targetHints":{"allow":["GET"]}}],"collection":[{"href":"https:\/\/www.autoescolasantfeliu.com\/es\/wp-json\/wp\/v2\/posts"}],"about":[{"href":"https:\/\/www.autoescolasantfeliu.com\/es\/wp-json\/wp\/v2\/types\/post"}],"author":[{"embeddable":true,"href":"https:\/\/www.autoescolasantfeliu.com\/es\/wp-json\/wp\/v2\/users\/1"}],"replies":[{"embeddable":true,"href":"https:\/\/www.autoescolasantfeliu.com\/es\/wp-json\/wp\/v2\/comments?post=1186"}],"version-history":[{"count":0,"href":"https:\/\/www.autoescolasantfeliu.com\/es\/wp-json\/wp\/v2\/posts\/1186\/revisions"}],"wp:featuredmedia":[{"embeddable":true,"href":"https:\/\/www.autoescolasantfeliu.com\/es\/wp-json\/wp\/v2\/media\/1187"}],"wp:attachment":[{"href":"https:\/\/www.autoescolasantfeliu.com\/es\/wp-json\/wp\/v2\/media?parent=1186"}],"wp:term":[{"taxonomy":"category","embeddable":true,"href":"https:\/\/www.autoescolasantfeliu.com\/es\/wp-json\/wp\/v2\/categories?post=1186"},{"taxonomy":"post_tag","embeddable":true,"href":"https:\/\/www.autoescolasantfeliu.com\/es\/wp-json\/wp\/v2\/tags?post=1186"}],"curies":[{"name":"wp","href":"https:\/\/api.w.org\/{rel}","templated":true}]}}